{"id":1375,"date":"2023-06-06T15:28:16","date_gmt":"2023-06-06T20:28:16","guid":{"rendered":"https:\/\/masnoticiastv.com\/noticias\/?p=1375"},"modified":"2023-06-06T15:28:16","modified_gmt":"2023-06-06T20:28:16","slug":"buenos-aires-tema-lanzado-por-luis-fornsi","status":"publish","type":"post","link":"https:\/\/masnoticiastv.com\/noticias\/buenos-aires-tema-lanzado-por-luis-fornsi\/","title":{"rendered":"Buenos Aires tema lanzado por Luis Fornsi"},"content":{"rendered":"\n<p>Luis Fonsi estrena su nuevo tema \u201cBuenos Aires\u201d. Compuesto por Fonsi, Andr\u00e9s Torres, Mauricio Rengifo y Keityn, bajo la producci\u00f3n de Mauricio Rengifo y Andr\u00e9s Torres, \u201cBuenos Aires\u201d es el primer sencillo de lo que ser\u00e1 el nuevo ciclo musical del cantautor y productor, quien explic\u00f3 cu\u00e1l fue la inspiraci\u00f3n detr\u00e1s del tema. &#x1f3a4;&#x1f3b6;&#x1f4ab;<br>Durante varias semanas, el ganador de m\u00faltiples Latin GRAMMY\u00ae ha compartido con sus seguidores el coro de \u201cBuenos Aires\u201d en sus redes sociales resultando en miles de videos creados in TikTok por su fan\u00e1ticada. Ahora, por fin, su p\u00fablico puede disfrutar, no s\u00f3lo del tema en su totalidad, sino tambi\u00e9n del impresionante video musical dirigido por el reconocido Carlos P\u00e9rez, Director Creativo de Elastic People. El video fue filmado en la ciudad de Miami el pasado mes de abril y la idea de este se bas\u00f3 en una de las frases contagiosas de la canci\u00f3n \u201cno saquen el coraz\u00f3n que est\u00e1n robando\u201d. &#x1f483;&#x1f4a5;<br>Este es el primero de varios lanzamientos que tiene preparado Fonsi este 2023, adem\u00e1s de nuevos proyectos que se estar\u00e1n anunciando pr\u00f3ximamente&#x1f31f;. @umusica @luisfonsi<\/p>\n\n\n\n<figure class=\"wp-block-video\"><video height=\"1920\" style=\"aspect-ratio: 1080 \/ 1920;\" width=\"1080\" controls src=\"https:\/\/masnoticiastv.com\/noticias\/wp-content\/uploads\/2023\/06\/VID-20230526-WA0208.mp4\"><\/video><\/figure>\n","protected":false},"excerpt":{"rendered":"<p>Luis Fonsi estrena su nuevo tema \u201cBuenos Aires\u201d. Compuesto por Fonsi, Andr\u00e9s Torres, Mauricio Rengifo y Keityn, bajo la producci\u00f3n de Mauricio Rengifo y Andr\u00e9s Torres, \u201cBuenos Aires\u201d es el primer sencillo de lo que ser\u00e1 el nuevo ciclo musical del cantautor y productor, quien explic\u00f3 cu\u00e1l fue la inspiraci\u00f3n detr\u00e1s del tema. &#x1f3a4;&#x1f3b6;&#x1f4ab;Durante varias [&hellip;]<\/p>\n","protected":false},"author":3,"featured_media":1376,"comment_status":"open","ping_status":"open","sticky":false,"template":"","format":"standard","meta":{"footnotes":""},"categories":[11],"tags":[87,54,52],"class_list":["post-1375","post","type-post","status-publish","format-standard","has-post-thumbnail","hentry","category-farandula","tag-artistas","tag-masnoticiastv","tag-musica"],"_links":{"self":[{"href":"https:\/\/masnoticiastv.com\/noticias\/wp-json\/wp\/v2\/posts\/1375","targetHints":{"allow":["GET"]}}],"collection":[{"href":"https:\/\/masnoticiastv.com\/noticias\/wp-json\/wp\/v2\/posts"}],"about":[{"href":"https:\/\/masnoticiastv.com\/noticias\/wp-json\/wp\/v2\/types\/post"}],"author":[{"embeddable":true,"href":"https:\/\/masnoticiastv.com\/noticias\/wp-json\/wp\/v2\/users\/3"}],"replies":[{"embeddable":true,"href":"https:\/\/masnoticiastv.com\/noticias\/wp-json\/wp\/v2\/comments?post=1375"}],"version-history":[{"count":1,"href":"https:\/\/masnoticiastv.com\/noticias\/wp-json\/wp\/v2\/posts\/1375\/revisions"}],"predecessor-version":[{"id":1378,"href":"https:\/\/masnoticiastv.com\/noticias\/wp-json\/wp\/v2\/posts\/1375\/revisions\/1378"}],"wp:featuredmedia":[{"embeddable":true,"href":"https:\/\/masnoticiastv.com\/noticias\/wp-json\/wp\/v2\/media\/1376"}],"wp:attachment":[{"href":"https:\/\/masnoticiastv.com\/noticias\/wp-json\/wp\/v2\/media?parent=1375"}],"wp:term":[{"taxonomy":"category","embeddable":true,"href":"https:\/\/masnoticiastv.com\/noticias\/wp-json\/wp\/v2\/categories?post=1375"},{"taxonomy":"post_tag","embeddable":true,"href":"https:\/\/masnoticiastv.com\/noticias\/wp-json\/wp\/v2\/tags?post=1375"}],"curies":[{"name":"wp","href":"https:\/\/api.w.org\/{rel}","templated":true}]}}