{"id":1848,"date":"2023-08-22T22:16:23","date_gmt":"2023-08-23T03:16:23","guid":{"rendered":"https:\/\/masnoticiastv.com\/noticias\/?p=1848"},"modified":"2023-08-22T22:16:23","modified_gmt":"2023-08-23T03:16:23","slug":"presidente-cortizo-cohen-y-primera-dama-de-la-republica-inauguran-la-ix-olimpiada-nacional-de-robotica","status":"publish","type":"post","link":"https:\/\/masnoticiastv.com\/noticias\/presidente-cortizo-cohen-y-primera-dama-de-la-republica-inauguran-la-ix-olimpiada-nacional-de-robotica\/","title":{"rendered":"Presidente Cortizo Cohen y Primera Dama de la Rep\u00fablica inauguran la IX Olimpiada Nacional de Rob\u00f3tica"},"content":{"rendered":"\n<p>\u25cf M\u00e1s de 600 j\u00f3venes, provenientes de 196 planteles de todo el pa\u00eds, har\u00e1n gala de sus conocimientos y trabajar\u00e1n para elegir a los representantes del pa\u00eds en la Olimpiada Mundial de Rob\u00f3tica, que se desarrollar\u00e1 en Panam\u00e1 del 7 al 9 de noviembre pr\u00f3ximo, con la participaci\u00f3n de al menos 90 pa\u00edses.<\/p>\n\n\n\n<p>\u25cf La primera dama de la Rep\u00fablica, Yazm\u00edn Col\u00f3n de Cortizo felicit\u00f3 a los estudiantes por haber escogido este camino, por abrir sus mentes al conocimiento y por embarcarse en esta traves\u00eda que puede conducirlos a vivir experiencias extraordinarias en los campos de la ciencia, la tecnolog\u00eda, la ingenier\u00eda, el arte y las matem\u00e1ticas.<\/p>\n\n\n\n<p>El presidente de la Rep\u00fablica, Laurentino Cortizo Cohen y la primera dama de la Rep\u00fablica, Yazm\u00edn Col\u00f3n de Cortizo inauguraron hoy la IX Olimpiada Nacional de Rob\u00f3tica, en la que participan m\u00e1s de 600 estudiantes de 196 centros educativos oficiales y particulares de todo el pa\u00eds, en un evento que se desarrolla en el Instituto T\u00e9cnico Superior Especializado (ITSE).<\/p>\n\n\n\n<p>\u201cHemos cuadruplicado el n\u00famero en comparaci\u00f3n con el a\u00f1o anterior. En 2022, contamos con 261 equipos, y en este 2023, hemos logrado la participaci\u00f3n de 961 a nivel nacional. \u00a1Esto marca un hito hist\u00f3rico!\u201d, recalc\u00f3 la primera dama, quien es la principal gestora de la actividad y embajadora STEAM (Ciencia, Tecnolog\u00eda, Ingenier\u00eda, Artes y Matem\u00e1ticas) para las Am\u00e9ricas de la Fundaci\u00f3n Panamericana para el Desarrollo, de la Organizaci\u00f3n de Estados Americanos (OEA).<\/p>\n\n\n\n<figure class=\"wp-block-gallery has-nested-images columns-default is-cropped wp-block-gallery-1 is-layout-flex wp-block-gallery-is-layout-flex\">\n<figure class=\"wp-block-image size-large\"><a href=\"https:\/\/masnoticiastv.com\/noticias\/wp-content\/uploads\/2023\/08\/IMG-20230822-WA0177.jpg\"><img fetchpriority=\"high\" decoding=\"async\" width=\"1024\" height=\"682\" data-id=\"1849\" src=\"https:\/\/masnoticiastv.com\/noticias\/wp-content\/uploads\/2023\/08\/IMG-20230822-WA0177.jpg\" alt=\"\" class=\"wp-image-1849\" srcset=\"https:\/\/masnoticiastv.com\/noticias\/wp-content\/uploads\/2023\/08\/IMG-20230822-WA0177.jpg 1024w, https:\/\/masnoticiastv.com\/noticias\/wp-content\/uploads\/2023\/08\/IMG-20230822-WA0177-300x200.jpg 300w, https:\/\/masnoticiastv.com\/noticias\/wp-content\/uploads\/2023\/08\/IMG-20230822-WA0177-768x512.jpg 768w, https:\/\/masnoticiastv.com\/noticias\/wp-content\/uploads\/2023\/08\/IMG-20230822-WA0177-600x400.jpg 600w\" sizes=\"(max-width: 1024px) 100vw, 1024px\" \/><\/a><\/figure>\n\n\n\n<figure class=\"wp-block-image size-large\"><a href=\"https:\/\/masnoticiastv.com\/noticias\/wp-content\/uploads\/2023\/08\/IMG-20230822-WA0176.jpg\"><img decoding=\"async\" width=\"1024\" height=\"683\" data-id=\"1850\" src=\"https:\/\/masnoticiastv.com\/noticias\/wp-content\/uploads\/2023\/08\/IMG-20230822-WA0176.jpg\" alt=\"\" class=\"wp-image-1850\" srcset=\"https:\/\/masnoticiastv.com\/noticias\/wp-content\/uploads\/2023\/08\/IMG-20230822-WA0176.jpg 1024w, https:\/\/masnoticiastv.com\/noticias\/wp-content\/uploads\/2023\/08\/IMG-20230822-WA0176-300x200.jpg 300w, https:\/\/masnoticiastv.com\/noticias\/wp-content\/uploads\/2023\/08\/IMG-20230822-WA0176-768x512.jpg 768w, https:\/\/masnoticiastv.com\/noticias\/wp-content\/uploads\/2023\/08\/IMG-20230822-WA0176-600x400.jpg 600w\" sizes=\"(max-width: 1024px) 100vw, 1024px\" \/><\/a><\/figure>\n\n\n\n<figure class=\"wp-block-image size-large\"><a href=\"https:\/\/masnoticiastv.com\/noticias\/wp-content\/uploads\/2023\/08\/IMG-20230822-WA0179.jpg\"><img decoding=\"async\" width=\"1024\" height=\"682\" data-id=\"1852\" src=\"https:\/\/masnoticiastv.com\/noticias\/wp-content\/uploads\/2023\/08\/IMG-20230822-WA0179.jpg\" alt=\"\" class=\"wp-image-1852\" srcset=\"https:\/\/masnoticiastv.com\/noticias\/wp-content\/uploads\/2023\/08\/IMG-20230822-WA0179.jpg 1024w, https:\/\/masnoticiastv.com\/noticias\/wp-content\/uploads\/2023\/08\/IMG-20230822-WA0179-300x200.jpg 300w, https:\/\/masnoticiastv.com\/noticias\/wp-content\/uploads\/2023\/08\/IMG-20230822-WA0179-768x512.jpg 768w, https:\/\/masnoticiastv.com\/noticias\/wp-content\/uploads\/2023\/08\/IMG-20230822-WA0179-600x400.jpg 600w\" sizes=\"(max-width: 1024px) 100vw, 1024px\" \/><\/a><\/figure>\n\n\n\n<figure class=\"wp-block-image size-large\"><a href=\"https:\/\/masnoticiastv.com\/noticias\/wp-content\/uploads\/2023\/08\/IMG-20230822-WA0175.jpg\"><img loading=\"lazy\" decoding=\"async\" width=\"1024\" height=\"682\" data-id=\"1851\" src=\"https:\/\/masnoticiastv.com\/noticias\/wp-content\/uploads\/2023\/08\/IMG-20230822-WA0175.jpg\" alt=\"\" class=\"wp-image-1851\" srcset=\"https:\/\/masnoticiastv.com\/noticias\/wp-content\/uploads\/2023\/08\/IMG-20230822-WA0175.jpg 1024w, https:\/\/masnoticiastv.com\/noticias\/wp-content\/uploads\/2023\/08\/IMG-20230822-WA0175-300x200.jpg 300w, https:\/\/masnoticiastv.com\/noticias\/wp-content\/uploads\/2023\/08\/IMG-20230822-WA0175-768x512.jpg 768w, https:\/\/masnoticiastv.com\/noticias\/wp-content\/uploads\/2023\/08\/IMG-20230822-WA0175-600x400.jpg 600w\" sizes=\"(max-width: 1024px) 100vw, 1024px\" \/><\/a><\/figure>\n<\/figure>\n\n\n\n<p>Durante su intervenci\u00f3n, la primera dama dej\u00f3 un mensaje a todos los participantes: \u201custedes tienen el poder de ser lo que deseen ser, no hay l\u00edmites ni reglas que lo impidan. Los felicito por haber escogido este camino, por abrir sus mentes al conocimiento y por embarcarse en esta traves\u00eda que puede conducirlos a vivir experiencias extraordinarias en los campos de la ciencia, la tecnolog\u00eda, la ingenier\u00eda, el arte y las matem\u00e1ticas. \u00a1Creo plenamente en ustedes!\u201d, destac\u00f3.<\/p>\n\n\n\n<p>La educaci\u00f3n STEAM forma parte de los proyectos desarrollados bajo las l\u00edneas del plan de acci\u00f3n del presidente Cortizo Cohen, porque como ha recalcado el gobernante: \u201cla educaci\u00f3n cambia vidas\u201d.<\/p>\n\n\n\n<p>La inauguraci\u00f3n incluy\u00f3 un recorrido en el \u00e1rea de exhibici\u00f3n de los proyectos y prototipos rob\u00f3ticos.<\/p>\n\n\n\n<p>En el torneo participar\u00e1n 213 equipos, 72 de ellos de escuelas oficiales y 124 de particulares, integrados por al menos 600 estudiantes y 139 tutores. Los diferentes equipos que clasificaron en las categor\u00edas de la competencia son: Futuros Innovadores (30 primaria, 30 junior y 30 senior); Misiones Rob\u00f3ticas (25 primaria, 25 junior y 25 senior); 23 equipos en Deportes Rob\u00f3ticos y otros 25 en Futuros Ingenieros.<\/p>\n\n\n\n<p>La competencia nacional finaliza el jueves 24 de agosto y los dos primeros lugares de cada categor\u00eda representar\u00e1n a Panam\u00e1 en la Olimpiada Mundial de Rob\u00f3tica (WRO, por sus siglas en ingl\u00e9s), a desarrollarse del 7 al 9 de noviembre pr\u00f3ximo en nuestro pa\u00eds cuyo tema elegido es \u2018Conectando al mundo\u2019, enfocado en c\u00f3mo los robots pueden conectar al mundo de manera sostenible, segura y eficiente.<\/p>\n\n\n\n<p>La ministra de Educaci\u00f3n, Maruja Gorday de Villalobos dijo que con este torneo no solo se ha dado muestra de la capacidad de los estudiantes, sino de esa sinergia y alianzas que mejoran la educaci\u00f3n nacional.<\/p>\n\n\n\n<p>En la inauguraci\u00f3n estuvieron presentes ministros y viceministros de Estado; directores de instituciones p\u00fablicas, embajadores, la Dra. Milena G\u00f3mez, Directora del Instituto T\u00e9cnico Superior Especializado, educadores, estudiantes y padres de familia.<\/p>\n","protected":false},"excerpt":{"rendered":"<p>\u25cf M\u00e1s de 600 j\u00f3venes, provenientes de 196 planteles de todo el pa\u00eds, har\u00e1n gala de sus conocimientos y trabajar\u00e1n para elegir a los representantes del pa\u00eds en la Olimpiada Mundial de Rob\u00f3tica, que se desarrollar\u00e1 en Panam\u00e1 del 7 al 9 de noviembre pr\u00f3ximo, con la participaci\u00f3n de al menos 90 pa\u00edses. \u25cf La [&hellip;]<\/p>\n","protected":false},"author":3,"featured_media":1853,"comment_status":"open","ping_status":"open","sticky":false,"template":"","format":"standard","meta":{"footnotes":""},"categories":[1],"tags":[],"class_list":["post-1848","post","type-post","status-publish","format-standard","has-post-thumbnail","hentry","category-sin-categoria"],"_links":{"self":[{"href":"https:\/\/masnoticiastv.com\/noticias\/wp-json\/wp\/v2\/posts\/1848","targetHints":{"allow":["GET"]}}],"collection":[{"href":"https:\/\/masnoticiastv.com\/noticias\/wp-json\/wp\/v2\/posts"}],"about":[{"href":"https:\/\/masnoticiastv.com\/noticias\/wp-json\/wp\/v2\/types\/post"}],"author":[{"embeddable":true,"href":"https:\/\/masnoticiastv.com\/noticias\/wp-json\/wp\/v2\/users\/3"}],"replies":[{"embeddable":true,"href":"https:\/\/masnoticiastv.com\/noticias\/wp-json\/wp\/v2\/comments?post=1848"}],"version-history":[{"count":1,"href":"https:\/\/masnoticiastv.com\/noticias\/wp-json\/wp\/v2\/posts\/1848\/revisions"}],"predecessor-version":[{"id":1854,"href":"https:\/\/masnoticiastv.com\/noticias\/wp-json\/wp\/v2\/posts\/1848\/revisions\/1854"}],"wp:featuredmedia":[{"embeddable":true,"href":"https:\/\/masnoticiastv.com\/noticias\/wp-json\/wp\/v2\/media\/1853"}],"wp:attachment":[{"href":"https:\/\/masnoticiastv.com\/noticias\/wp-json\/wp\/v2\/media?parent=1848"}],"wp:term":[{"taxonomy":"category","embeddable":true,"href":"https:\/\/masnoticiastv.com\/noticias\/wp-json\/wp\/v2\/categories?post=1848"},{"taxonomy":"post_tag","embeddable":true,"href":"https:\/\/masnoticiastv.com\/noticias\/wp-json\/wp\/v2\/tags?post=1848"}],"curies":[{"name":"wp","href":"https:\/\/api.w.org\/{rel}","templated":true}]}}