{"id":1862,"date":"2023-08-20T14:38:54","date_gmt":"2023-08-20T19:38:54","guid":{"rendered":"https:\/\/masnoticiastv.com\/noticias\/?p=1862"},"modified":"2023-08-23T15:24:44","modified_gmt":"2023-08-23T20:24:44","slug":"banconal-inaugura-exposicion-fotografica-internacional-la-riqueza-dominicana","status":"publish","type":"post","link":"https:\/\/masnoticiastv.com\/noticias\/banconal-inaugura-exposicion-fotografica-internacional-la-riqueza-dominicana\/","title":{"rendered":"Banconal inaugura exposici\u00f3n fotogr\u00e1fica internacional \u201cLa Riqueza Dominicana\u201d"},"content":{"rendered":"\n<p><em>\u2022Eladio Fern\u00e1ndez cuenta con uno de los bancos de im\u00e1genes m\u00e1s extensos sobre los paisajes, la flora y la fauna de la Mayor de Las Antillas.<\/em><\/p>\n\n\n\n<p><em>Panam\u00e1, ciudad de Panam\u00e1.<\/em> Banco Nacional de Panam\u00e1, dando continuidad a su estructurada agenda cultural, llev\u00f3 a cabo la inauguraci\u00f3n de la exposici\u00f3n temporal de fotograf\u00eda \u201cLa Riqueza Dominicana\u201d, del fot\u00f3grafo naturista internacional Eladio Fern\u00e1ndez, la cual estar\u00e1 abierta al p\u00fablico de forma gratuita, en la Casa Museo de la Instituci\u00f3n, del 18 al 31 de agosto. Es un proyecto desarrollado en conjunto con la Embajada de la Rep\u00fablica Dominicana en Panam\u00e1 y el Banco de Reservas de la Rep\u00fablica Dominicana (BanReservas).<\/p>\n\n\n\n<p>El naturista dominicano Eladio Fern\u00e1ndez, naci\u00f3 el 27 de noviembre de 1966 en Santo Domingo. Es socio afiliado en la International League of Conservation Photographers, una organizaci\u00f3n sin fines de lucro con sede en los Estados Unidos, cuya misi\u00f3n es promover la conservaci\u00f3n ambiental y cultural a trav\u00e9s de la fotograf\u00eda \u00e9tica. Autor y editor de nueve libros fotogr\u00e1ficos que cubren una diversidad de temas.<\/p>\n\n\n\n<p>En la interesante e inspiradora exposici\u00f3n fotogr\u00e1fica \u201cLa Riqueza Dominicana\u201d, el autor muestra los admirables paisajes que adornan la Rep\u00fablica Dominicana, junto con la extensa e imponente flora y fauna que forman parte de su naturaleza.<\/p>\n\n\n\n<p><em>\u201cBanco Nacional de Panam\u00e1 siempre ser\u00e1 una vitrina de arte a trav\u00e9s de su Casa Museo. Este tipo de exposiciones nutren a la sociedad de cultura y formar parte de este importante aporte siempre ser\u00e1 un honor para esta instituci\u00f3n\u201d,<\/em> destac\u00f3 Sergio Altamiranda, subgerente general de negocios encargado de la gerencia general de Banco Nacional de Panam\u00e1, durante la inauguraci\u00f3n de la exposici\u00f3n.<\/p>\n\n\n\n<p>El autor, que tiene m\u00e1s de 25 a\u00f1os de experiencia, tambi\u00e9n forma parte de la junta de directores de Fondo Peregrino RD, Fundaci\u00f3n Progressio y la Fundaci\u00f3n Grupo Punta Cana. Su trabajo se enfoca en el Caribe, porque este grupo de islas tiene una gran diversidad de animales, plantas y paisajes poco conocidos.<\/p>\n\n\n\n<figure class=\"wp-block-gallery has-nested-images columns-default is-cropped wp-block-gallery-1 is-layout-flex wp-block-gallery-is-layout-flex\">\n<figure class=\"wp-block-image size-large\"><a href=\"https:\/\/masnoticiastv.com\/noticias\/wp-content\/uploads\/2023\/08\/IMG-20230820-WA0055.jpg\"><img fetchpriority=\"high\" decoding=\"async\" width=\"1024\" height=\"684\" data-id=\"1864\" src=\"https:\/\/masnoticiastv.com\/noticias\/wp-content\/uploads\/2023\/08\/IMG-20230820-WA0055.jpg\" alt=\"\" class=\"wp-image-1864\" srcset=\"https:\/\/masnoticiastv.com\/noticias\/wp-content\/uploads\/2023\/08\/IMG-20230820-WA0055.jpg 1024w, https:\/\/masnoticiastv.com\/noticias\/wp-content\/uploads\/2023\/08\/IMG-20230820-WA0055-300x200.jpg 300w, https:\/\/masnoticiastv.com\/noticias\/wp-content\/uploads\/2023\/08\/IMG-20230820-WA0055-768x513.jpg 768w, https:\/\/masnoticiastv.com\/noticias\/wp-content\/uploads\/2023\/08\/IMG-20230820-WA0055-600x401.jpg 600w\" sizes=\"(max-width: 1024px) 100vw, 1024px\" \/><\/a><\/figure>\n\n\n\n<figure class=\"wp-block-image size-large\"><a href=\"https:\/\/masnoticiastv.com\/noticias\/wp-content\/uploads\/2023\/08\/IMG-20230820-WA0052.jpg\"><img decoding=\"async\" width=\"1024\" height=\"684\" data-id=\"1865\" src=\"https:\/\/masnoticiastv.com\/noticias\/wp-content\/uploads\/2023\/08\/IMG-20230820-WA0052.jpg\" alt=\"\" class=\"wp-image-1865\" srcset=\"https:\/\/masnoticiastv.com\/noticias\/wp-content\/uploads\/2023\/08\/IMG-20230820-WA0052.jpg 1024w, https:\/\/masnoticiastv.com\/noticias\/wp-content\/uploads\/2023\/08\/IMG-20230820-WA0052-300x200.jpg 300w, https:\/\/masnoticiastv.com\/noticias\/wp-content\/uploads\/2023\/08\/IMG-20230820-WA0052-768x513.jpg 768w, https:\/\/masnoticiastv.com\/noticias\/wp-content\/uploads\/2023\/08\/IMG-20230820-WA0052-600x401.jpg 600w\" sizes=\"(max-width: 1024px) 100vw, 1024px\" \/><\/a><\/figure>\n\n\n\n<figure class=\"wp-block-image size-large\"><a href=\"https:\/\/masnoticiastv.com\/noticias\/wp-content\/uploads\/2023\/08\/IMG-20230820-WA0053.jpg\"><img decoding=\"async\" width=\"1024\" height=\"684\" data-id=\"1866\" src=\"https:\/\/masnoticiastv.com\/noticias\/wp-content\/uploads\/2023\/08\/IMG-20230820-WA0053.jpg\" alt=\"\" class=\"wp-image-1866\" srcset=\"https:\/\/masnoticiastv.com\/noticias\/wp-content\/uploads\/2023\/08\/IMG-20230820-WA0053.jpg 1024w, https:\/\/masnoticiastv.com\/noticias\/wp-content\/uploads\/2023\/08\/IMG-20230820-WA0053-300x200.jpg 300w, https:\/\/masnoticiastv.com\/noticias\/wp-content\/uploads\/2023\/08\/IMG-20230820-WA0053-768x513.jpg 768w, https:\/\/masnoticiastv.com\/noticias\/wp-content\/uploads\/2023\/08\/IMG-20230820-WA0053-600x401.jpg 600w\" sizes=\"(max-width: 1024px) 100vw, 1024px\" \/><\/a><\/figure>\n\n\n\n<figure class=\"wp-block-image size-large\"><a href=\"https:\/\/masnoticiastv.com\/noticias\/wp-content\/uploads\/2023\/08\/IMG-20230820-WA0054.jpg\"><img loading=\"lazy\" decoding=\"async\" width=\"1024\" height=\"684\" data-id=\"1867\" src=\"https:\/\/masnoticiastv.com\/noticias\/wp-content\/uploads\/2023\/08\/IMG-20230820-WA0054.jpg\" alt=\"\" class=\"wp-image-1867\" srcset=\"https:\/\/masnoticiastv.com\/noticias\/wp-content\/uploads\/2023\/08\/IMG-20230820-WA0054.jpg 1024w, https:\/\/masnoticiastv.com\/noticias\/wp-content\/uploads\/2023\/08\/IMG-20230820-WA0054-300x200.jpg 300w, https:\/\/masnoticiastv.com\/noticias\/wp-content\/uploads\/2023\/08\/IMG-20230820-WA0054-768x513.jpg 768w, https:\/\/masnoticiastv.com\/noticias\/wp-content\/uploads\/2023\/08\/IMG-20230820-WA0054-600x401.jpg 600w\" sizes=\"(max-width: 1024px) 100vw, 1024px\" \/><\/a><\/figure>\n\n\n\n<figure class=\"wp-block-image size-large\"><a href=\"https:\/\/masnoticiastv.com\/noticias\/wp-content\/uploads\/2023\/08\/IMG-20230820-WA0049.jpg\"><img loading=\"lazy\" decoding=\"async\" width=\"1024\" height=\"684\" data-id=\"1868\" src=\"https:\/\/masnoticiastv.com\/noticias\/wp-content\/uploads\/2023\/08\/IMG-20230820-WA0049.jpg\" alt=\"\" class=\"wp-image-1868\" srcset=\"https:\/\/masnoticiastv.com\/noticias\/wp-content\/uploads\/2023\/08\/IMG-20230820-WA0049.jpg 1024w, https:\/\/masnoticiastv.com\/noticias\/wp-content\/uploads\/2023\/08\/IMG-20230820-WA0049-300x200.jpg 300w, https:\/\/masnoticiastv.com\/noticias\/wp-content\/uploads\/2023\/08\/IMG-20230820-WA0049-768x513.jpg 768w, https:\/\/masnoticiastv.com\/noticias\/wp-content\/uploads\/2023\/08\/IMG-20230820-WA0049-600x401.jpg 600w\" sizes=\"(max-width: 1024px) 100vw, 1024px\" \/><\/a><\/figure>\n<\/figure>\n\n\n\n<p>Altamiranda destac\u00f3 que <em>\u201cartistas internacionales como este gran profesional del lente, son motivaci\u00f3n para todos los artistas emergentes. El objetivo estrat\u00e9gico es mostrar diferentes talentos para inspirar a nuestros futuros artistas locales\u201d.<\/em><\/p>\n\n\n\n<p>Para Eladio, este patrimonio natural est\u00e1 seriamente amenazado por la agricultura, la mala gesti\u00f3n de los recursos naturales, la destrucci\u00f3n del h\u00e1bitat y el cambio clim\u00e1tico, pensamientos alineados a la protecci\u00f3n de los recursos naturales, al igual que las estrategias de Banco Nacional de Panam\u00e1 que se enfocan en el cumplimiento de los Objetivos de Desarrollo Sostenible, para seguir trabajando por una sociedad econ\u00f3micamente competitiva, socialmente equitativa y ambientalmente sostenible.<\/p>\n","protected":false},"excerpt":{"rendered":"<p>\u2022Eladio Fern\u00e1ndez cuenta con uno de los bancos de im\u00e1genes m\u00e1s extensos sobre los paisajes, la flora y la fauna de la Mayor de Las Antillas. Panam\u00e1, ciudad de Panam\u00e1. Banco Nacional de Panam\u00e1, dando continuidad a su estructurada agenda cultural, llev\u00f3 a cabo la inauguraci\u00f3n de la exposici\u00f3n temporal de fotograf\u00eda \u201cLa Riqueza Dominicana\u201d, [&hellip;]<\/p>\n","protected":false},"author":3,"featured_media":0,"comment_status":"open","ping_status":"open","sticky":false,"template":"","format":"standard","meta":{"footnotes":""},"categories":[1],"tags":[],"class_list":["post-1862","post","type-post","status-publish","format-standard","hentry","category-sin-categoria"],"_links":{"self":[{"href":"https:\/\/masnoticiastv.com\/noticias\/wp-json\/wp\/v2\/posts\/1862","targetHints":{"allow":["GET"]}}],"collection":[{"href":"https:\/\/masnoticiastv.com\/noticias\/wp-json\/wp\/v2\/posts"}],"about":[{"href":"https:\/\/masnoticiastv.com\/noticias\/wp-json\/wp\/v2\/types\/post"}],"author":[{"embeddable":true,"href":"https:\/\/masnoticiastv.com\/noticias\/wp-json\/wp\/v2\/users\/3"}],"replies":[{"embeddable":true,"href":"https:\/\/masnoticiastv.com\/noticias\/wp-json\/wp\/v2\/comments?post=1862"}],"version-history":[{"count":1,"href":"https:\/\/masnoticiastv.com\/noticias\/wp-json\/wp\/v2\/posts\/1862\/revisions"}],"predecessor-version":[{"id":1869,"href":"https:\/\/masnoticiastv.com\/noticias\/wp-json\/wp\/v2\/posts\/1862\/revisions\/1869"}],"wp:attachment":[{"href":"https:\/\/masnoticiastv.com\/noticias\/wp-json\/wp\/v2\/media?parent=1862"}],"wp:term":[{"taxonomy":"category","embeddable":true,"href":"https:\/\/masnoticiastv.com\/noticias\/wp-json\/wp\/v2\/categories?post=1862"},{"taxonomy":"post_tag","embeddable":true,"href":"https:\/\/masnoticiastv.com\/noticias\/wp-json\/wp\/v2\/tags?post=1862"}],"curies":[{"name":"wp","href":"https:\/\/api.w.org\/{rel}","templated":true}]}}