{"id":2091,"date":"2023-12-04T23:13:05","date_gmt":"2023-12-05T04:13:05","guid":{"rendered":"https:\/\/masnoticiastv.com\/noticias\/?p=2091"},"modified":"2023-12-04T23:13:05","modified_gmt":"2023-12-05T04:13:05","slug":"panama-conmemora-el-dia-internacional-de-los-voluntarios","status":"publish","type":"post","link":"https:\/\/masnoticiastv.com\/noticias\/panama-conmemora-el-dia-internacional-de-los-voluntarios\/","title":{"rendered":"Panam\u00e1 conmemora el D\u00eda Internacional de los Voluntarios"},"content":{"rendered":"\n<ul class=\"wp-block-list\">\n<li><em>El 5 de diciembre es el D\u00eda Internacional de los Voluntarios seg\u00fan establece Naciones Unidas<\/em><strong><em><\/em><\/strong><\/li>\n\n\n\n<li><em>3 de cada 10 paname\u00f1os dona su tiempo como voluntario, contribuyendo a los Objetivos de Desarrollo Sostenible<\/em><\/li>\n<\/ul>\n\n\n\n<p>El 5 de diciembre se conmemora el D\u00eda Internacional de los Voluntarios, adoptado por la Asamblea General de las Naciones Unidas en 1985 y por Panam\u00e1 mediante la Ley 29 de 2014.\u00a0La fecha conmemorativa tiene por objetivo reconocer a los ciudadanos que trabajan desinteresadamente a favor de sus comunidades y aportan a la construcci\u00f3n de un pa\u00eds equitativo y sostenible. El tema de 2023, \u201cSi todos hici\u00e9ramos \u2026\u201d, subraya la importancia de la acci\u00f3n colectiva, la cooperaci\u00f3n y las soluciones lideradas por las personas a retos mundiales como la pobreza, las desigualdades, los conflictos, la crisis clim\u00e1tica y la inseguridad alimentaria, entre otros<\/p>\n\n\n\n<p>La fecha fue conmemorada por la fundaci\u00f3n Voluntarios de Panam\u00e1 en un evento conjunto con la Autoridad del Canal de Panam\u00e1 el pasado s\u00e1bado 2 de diciembre. Con el apoyo de Fundaci\u00f3n Causa Nuestra, se reconoci\u00f3 a 30 voluntarios destacados de diversas organizaciones sociales, c\u00edvicas y ambientales por su contribuci\u00f3n a la atenci\u00f3n en salud, la protecci\u00f3n del medio ambiente, la lucha contra la pobreza, la promoci\u00f3n de la educaci\u00f3n, y la ayuda humanitaria. Durante el evento, la Autoridad del Canal de Panam\u00e1 reconoci\u00f3 a los colaboradores que durante el a\u00f1o ponen a disposici\u00f3n sus talentos para diversas actividades sociales y ambientales que realizan a beneficio de la comunidad.<\/p>\n\n\n\n<p>Durante la \u00faltima d\u00e9cada, el voluntariado ha crecido en Panam\u00e1, seg\u00fan revela informaci\u00f3n de tres encuestas nacionales de voluntariado aplicadas con apoyo del sector p\u00fablico y privado. La III Encuesta Nacional de Voluntariado, realizada en 2023 por Voluntarios de Panam\u00e1 con el apoyo del Ministerio de Desarrollo Social que lidera el Consejo Nacional de Voluntariado, United Way Panam\u00e1, y la C\u00e1mara Paname\u00f1a de Desarrollo Social, demuestra que el 34% de los paname\u00f1os practica el voluntariado, un aumento de 13 puntos porcentuales respecto de la medici\u00f3n de 2017. La encuesta demuestra tambi\u00e9n que los voluntarios paname\u00f1os aportan un promedio de 36 horas anuales principalmente a causas relacionadas con la ni\u00f1ez y la juventud (24%), la educaci\u00f3n (13%), el medio ambiente y el cambio clim\u00e1tico (11%), derechos humanos (7%) y bienestar animal (6%), entre otras.<br>El 65% de los voluntarios canaliza su apoyo a trav\u00e9s de una organizaci\u00f3n, muchas de ellas que forman parte de <a href=\"http:\/\/www.ponteenalgo.com\">www.ponteenalgo.com<\/a>, &nbsp;\u00fanica plataforma que re\u00fane la oferta de voluntariado de m\u00e1s de 260 organizaciones sin fines de lucro.<\/p>\n\n\n\n<p>La encuesta demuestra que ha crecido entre los voluntarios en Panam\u00e1 la motivaci\u00f3n altruista. Al 53% de los voluntarios les motiva el deseo de ser solidarios (un aumento de 12 p.p. respecto de 2017), mientras que al 29% lo motiva hacer una diferencia en el mundo (un aumento de 8 p.p. respecto de 2017). La encuesta demuestra que quienes practican el voluntariado tienden a estar m\u00e1s involucrados en otras actividades c\u00edvicas: donan m\u00e1s en dinero o en especie a causas filantr\u00f3picas o de bienestar social (71%), son miembros de organizaciones sociales o comunitarias (60%), y tienden a mantenerse informados de los temas nacionales que los no voluntarios.\u00a0\u00a0\u00a0 \u00a0\u00a0\u00a0<\/p>\n\n\n\n<p>Finalmente, Voluntarios de Panam\u00e1 agradece a todos los aliados y medios de comunicaci\u00f3n que apoyan y siguen creyendo en la importancia de potenciar la solidaridad en el pa\u00eds como instrumento para la equidad social.<\/p>\n\n\n\n<p><strong><em>Para m\u00e1s informaci\u00f3n, contacte a Ana Larisa Cabrera M al 6949-0414 o a contenido@ponteenalgo.com<\/em><\/strong><\/p>\n","protected":false},"excerpt":{"rendered":"<p>El 5 de diciembre se conmemora el D\u00eda Internacional de los Voluntarios, adoptado por la Asamblea General de las Naciones Unidas en 1985 y por Panam\u00e1 mediante la Ley 29 de 2014.\u00a0La fecha conmemorativa tiene por objetivo reconocer a los ciudadanos que trabajan desinteresadamente a favor de sus comunidades y aportan a la construcci\u00f3n de [&hellip;]<\/p>\n","protected":false},"author":3,"featured_media":2092,"comment_status":"open","ping_status":"open","sticky":false,"template":"","format":"standard","meta":{"footnotes":""},"categories":[11,10],"tags":[54,52,55,134],"class_list":["post-2091","post","type-post","status-publish","format-standard","has-post-thumbnail","hentry","category-farandula","category-noticias","tag-masnoticiastv","tag-musica","tag-panama","tag-voluntariado"],"_links":{"self":[{"href":"https:\/\/masnoticiastv.com\/noticias\/wp-json\/wp\/v2\/posts\/2091","targetHints":{"allow":["GET"]}}],"collection":[{"href":"https:\/\/masnoticiastv.com\/noticias\/wp-json\/wp\/v2\/posts"}],"about":[{"href":"https:\/\/masnoticiastv.com\/noticias\/wp-json\/wp\/v2\/types\/post"}],"author":[{"embeddable":true,"href":"https:\/\/masnoticiastv.com\/noticias\/wp-json\/wp\/v2\/users\/3"}],"replies":[{"embeddable":true,"href":"https:\/\/masnoticiastv.com\/noticias\/wp-json\/wp\/v2\/comments?post=2091"}],"version-history":[{"count":1,"href":"https:\/\/masnoticiastv.com\/noticias\/wp-json\/wp\/v2\/posts\/2091\/revisions"}],"predecessor-version":[{"id":2093,"href":"https:\/\/masnoticiastv.com\/noticias\/wp-json\/wp\/v2\/posts\/2091\/revisions\/2093"}],"wp:featuredmedia":[{"embeddable":true,"href":"https:\/\/masnoticiastv.com\/noticias\/wp-json\/wp\/v2\/media\/2092"}],"wp:attachment":[{"href":"https:\/\/masnoticiastv.com\/noticias\/wp-json\/wp\/v2\/media?parent=2091"}],"wp:term":[{"taxonomy":"category","embeddable":true,"href":"https:\/\/masnoticiastv.com\/noticias\/wp-json\/wp\/v2\/categories?post=2091"},{"taxonomy":"post_tag","embeddable":true,"href":"https:\/\/masnoticiastv.com\/noticias\/wp-json\/wp\/v2\/tags?post=2091"}],"curies":[{"name":"wp","href":"https:\/\/api.w.org\/{rel}","templated":true}]}}