{"id":2119,"date":"2024-01-10T14:04:06","date_gmt":"2024-01-10T19:04:06","guid":{"rendered":"https:\/\/masnoticiastv.com\/noticias\/?p=2119"},"modified":"2024-01-10T14:04:06","modified_gmt":"2024-01-10T19:04:06","slug":"ecuador-esta-inmerso-en-un-conflicto-armado-interno","status":"publish","type":"post","link":"https:\/\/masnoticiastv.com\/noticias\/ecuador-esta-inmerso-en-un-conflicto-armado-interno\/","title":{"rendered":"Ecuador est\u00e1 inmerso en un \u00abconflicto armado interno\u00bb"},"content":{"rendered":"\n<p>seg\u00fan declar\u00f3 este martes su presidente, Daniel Noboa.<\/p>\n\n\n\n<p>El mandatario orden\u00f3 a las fuerzas militares restablecer el orden en las calles despu\u00e9s de que hombres armados irrumpieran en el canal de televisi\u00f3n TC de Guayaquil y tomaran como rehenes a su personal durante una transmisi\u00f3n en directo.<\/p>\n\n\n\n<p>A este incidente se sumaron incursiones de grupos armados en universidades y otras instituciones p\u00fablicas, as\u00ed como saqueos en Quito.<\/p>\n\n\n\n<p>Esto tuvo lugar luego de que el presidente declarara el estado de excepci\u00f3n el lunes al producirse graves episodios violentos en seis c\u00e1rceles, con secuestros de polic\u00edas y las fugas de los l\u00edderes de dos grandes bandas delictivas<\/p>\n","protected":false},"excerpt":{"rendered":"<p>seg\u00fan declar\u00f3 este martes su presidente, Daniel Noboa. El mandatario orden\u00f3 a las fuerzas militares restablecer el orden en las calles despu\u00e9s de que hombres armados irrumpieran en el canal de televisi\u00f3n TC de Guayaquil y tomaran como rehenes a su personal durante una transmisi\u00f3n en directo. A este incidente se sumaron incursiones de grupos [&hellip;]<\/p>\n","protected":false},"author":3,"featured_media":2120,"comment_status":"open","ping_status":"open","sticky":false,"template":"","format":"standard","meta":{"footnotes":""},"categories":[25,10],"tags":[136,62,54],"class_list":["post-2119","post","type-post","status-publish","format-standard","has-post-thumbnail","hentry","category-internacionales","category-noticias","tag-ecuador","tag-internacional","tag-masnoticiastv"],"_links":{"self":[{"href":"https:\/\/masnoticiastv.com\/noticias\/wp-json\/wp\/v2\/posts\/2119","targetHints":{"allow":["GET"]}}],"collection":[{"href":"https:\/\/masnoticiastv.com\/noticias\/wp-json\/wp\/v2\/posts"}],"about":[{"href":"https:\/\/masnoticiastv.com\/noticias\/wp-json\/wp\/v2\/types\/post"}],"author":[{"embeddable":true,"href":"https:\/\/masnoticiastv.com\/noticias\/wp-json\/wp\/v2\/users\/3"}],"replies":[{"embeddable":true,"href":"https:\/\/masnoticiastv.com\/noticias\/wp-json\/wp\/v2\/comments?post=2119"}],"version-history":[{"count":1,"href":"https:\/\/masnoticiastv.com\/noticias\/wp-json\/wp\/v2\/posts\/2119\/revisions"}],"predecessor-version":[{"id":2121,"href":"https:\/\/masnoticiastv.com\/noticias\/wp-json\/wp\/v2\/posts\/2119\/revisions\/2121"}],"wp:featuredmedia":[{"embeddable":true,"href":"https:\/\/masnoticiastv.com\/noticias\/wp-json\/wp\/v2\/media\/2120"}],"wp:attachment":[{"href":"https:\/\/masnoticiastv.com\/noticias\/wp-json\/wp\/v2\/media?parent=2119"}],"wp:term":[{"taxonomy":"category","embeddable":true,"href":"https:\/\/masnoticiastv.com\/noticias\/wp-json\/wp\/v2\/categories?post=2119"},{"taxonomy":"post_tag","embeddable":true,"href":"https:\/\/masnoticiastv.com\/noticias\/wp-json\/wp\/v2\/tags?post=2119"}],"curies":[{"name":"wp","href":"https:\/\/api.w.org\/{rel}","templated":true}]}}