{"id":224,"date":"2022-11-14T20:15:40","date_gmt":"2022-11-15T01:15:40","guid":{"rendered":"https:\/\/masnoticiastv.com\/noticias\/?p=224"},"modified":"2022-11-14T20:15:40","modified_gmt":"2022-11-15T01:15:40","slug":"emotivo-homenaje-en-panama-donde-reconocen-a-ana-frank-como-periodista","status":"publish","type":"post","link":"https:\/\/masnoticiastv.com\/noticias\/emotivo-homenaje-en-panama-donde-reconocen-a-ana-frank-como-periodista\/","title":{"rendered":"EMOTIVO HOMENAJE EN PANAM\u00c1 DONDE RECONOCEN A ANA FRANK COMO PERIODISTA"},"content":{"rendered":"\n<p>El Colegio Nacional de Periodistas de Panam\u00e1 (CONAPE) previo al \u201cD\u00eda del Periodista\u201d en Panam\u00e1 hizo entrega de un reconocimiento a Ana Frank por su labor period\u00edstica realizada en su diario personal, durante el tiempo que se mantuvo escondida junto a su familia y amigos para salvar su vida en los tiempos del holocausto, de esta forma se hace realidad el sue\u00f1o de Ana Frank de ser periodista.<br>El reconocimiento le fue entregado al embajador de Israel, Itai Bardov, y a Dalia Gate\u00f1o, presidenta de Emet (Amigos de Yad Vashem Panam\u00e1) por Griselda Melo, presidenta de CONAPE y la junta directiva del gremio, durante la Gala de Periodistas que se llev\u00f3 a cabo en el Parlatino.<br>El embajador de Israel, Itai Bardov, manifest\u00f3 su profundo agradecimiento por el homenaje que recibi\u00f3 Ana Frank , quien hoy en d\u00eda tendr\u00eda 96 a\u00f1os y nunca hubiera imaginado que su diario ser\u00eda traducido en 70 idiomas y le\u00eddo por millones de personas alrededor del mundo. El reconocimiento dijo el diplom\u00e1tico es un momento hist\u00f3rico.<br>Adem\u00e1s, hizo un llamado a los periodistas a no permitir que los horrores del holocausto sean olvidados y ayuden con la utilizaci\u00f3n de las diversas herramientas de difusi\u00f3n que existen hoy en d\u00eda, a expresar un \u201crotundo no\u201d a sucesos donde se incita el odio, el antisemitismo, racismo o cualquier otra forma de discriminaci\u00f3n hacia cualquier grupo.<\/p>\n\n\n\n<figure class=\"wp-block-gallery has-nested-images columns-default is-cropped wp-block-gallery-1 is-layout-flex wp-block-gallery-is-layout-flex\">\n<figure class=\"wp-block-image size-large\"><a href=\"https:\/\/masnoticiastv.com\/noticias\/wp-content\/uploads\/2022\/11\/IMG_20221114_142248_145.webp\"><img fetchpriority=\"high\" decoding=\"async\" width=\"1080\" height=\"720\" data-id=\"225\" src=\"https:\/\/masnoticiastv.com\/noticias\/wp-content\/uploads\/2022\/11\/IMG_20221114_142248_145.webp\" alt=\"\" class=\"wp-image-225\"\/><\/a><\/figure>\n\n\n\n<figure class=\"wp-block-image size-large\"><a href=\"https:\/\/masnoticiastv.com\/noticias\/wp-content\/uploads\/2022\/11\/IMG_20221114_142248_168.webp\"><img decoding=\"async\" width=\"1080\" height=\"720\" data-id=\"226\" src=\"https:\/\/masnoticiastv.com\/noticias\/wp-content\/uploads\/2022\/11\/IMG_20221114_142248_168.webp\" alt=\"\" class=\"wp-image-226\"\/><\/a><\/figure>\n\n\n\n<figure class=\"wp-block-image size-large\"><a href=\"https:\/\/masnoticiastv.com\/noticias\/wp-content\/uploads\/2022\/11\/IMG_20221114_142248_153.webp\"><img decoding=\"async\" width=\"1080\" height=\"720\" data-id=\"227\" src=\"https:\/\/masnoticiastv.com\/noticias\/wp-content\/uploads\/2022\/11\/IMG_20221114_142248_153.webp\" alt=\"\" class=\"wp-image-227\"\/><\/a><\/figure>\n<\/figure>\n\n\n\n<p>Por su parte, Griselda Melo, presidenta del CONAPE, este reconocimiento a la labor periodista de Ana Frank es un hecho hist\u00f3rico y para el CONAPE es un acto simb\u00f3lico pero significativo ya que en medio de las circunstancias que vivi\u00f3 est\u00e1 jovencita que deseaba ser periodista, dej\u00f3 un gran legado a la humanidad a trav\u00e9s de su diario.<br>Durante el acto, se present\u00f3 una dramatizaci\u00f3n de lo que fue muchas de las noches turbulentas que se vivieron en las casas y calles de la Alemania Nazi mientras Ana Frank y su familia se escond\u00edan en un peque\u00f1o \u00e1tico de la ciudad.<br>Asimismo, se resalt\u00f3 la frase del diario de Ana Frank donde resalta uno de sus sue\u00f1os: \u201c\u00bfLlegar\u00e9 alg\u00fan d\u00eda a ser periodista y escritora? \u00a1Espero que s\u00ed, ay, pero tanto que s\u00ed! Porque al escribir puedo plasmarlo todo: mis ideas, mis ideales y mis fantas\u00edas.\u201d<br>El evento cont\u00f3 con la presencia de las embajadoras de Alemania, Martina Klummp y la de Pa\u00edses Bajos, Elisabeth Wilhelmina Cornelia Smits, el Secretario General del Parlamento Latinoamericano, El\u00edas Castillo y periodistas de todas las provincias del pa\u00eds.<\/p>\n","protected":false},"excerpt":{"rendered":"<p>El Colegio Nacional de Periodistas de Panam\u00e1 (CONAPE) previo al \u201cD\u00eda del Periodista\u201d en Panam\u00e1 hizo entrega de un reconocimiento a Ana Frank por su labor period\u00edstica realizada en su diario personal, durante el tiempo que se mantuvo escondida junto a su familia y amigos para salvar su vida en los tiempos del holocausto, de [&hellip;]<\/p>\n","protected":false},"author":3,"featured_media":228,"comment_status":"open","ping_status":"open","sticky":false,"template":"","format":"standard","meta":{"footnotes":""},"categories":[10],"tags":[],"class_list":["post-224","post","type-post","status-publish","format-standard","has-post-thumbnail","hentry","category-noticias"],"_links":{"self":[{"href":"https:\/\/masnoticiastv.com\/noticias\/wp-json\/wp\/v2\/posts\/224","targetHints":{"allow":["GET"]}}],"collection":[{"href":"https:\/\/masnoticiastv.com\/noticias\/wp-json\/wp\/v2\/posts"}],"about":[{"href":"https:\/\/masnoticiastv.com\/noticias\/wp-json\/wp\/v2\/types\/post"}],"author":[{"embeddable":true,"href":"https:\/\/masnoticiastv.com\/noticias\/wp-json\/wp\/v2\/users\/3"}],"replies":[{"embeddable":true,"href":"https:\/\/masnoticiastv.com\/noticias\/wp-json\/wp\/v2\/comments?post=224"}],"version-history":[{"count":1,"href":"https:\/\/masnoticiastv.com\/noticias\/wp-json\/wp\/v2\/posts\/224\/revisions"}],"predecessor-version":[{"id":229,"href":"https:\/\/masnoticiastv.com\/noticias\/wp-json\/wp\/v2\/posts\/224\/revisions\/229"}],"wp:featuredmedia":[{"embeddable":true,"href":"https:\/\/masnoticiastv.com\/noticias\/wp-json\/wp\/v2\/media\/228"}],"wp:attachment":[{"href":"https:\/\/masnoticiastv.com\/noticias\/wp-json\/wp\/v2\/media?parent=224"}],"wp:term":[{"taxonomy":"category","embeddable":true,"href":"https:\/\/masnoticiastv.com\/noticias\/wp-json\/wp\/v2\/categories?post=224"},{"taxonomy":"post_tag","embeddable":true,"href":"https:\/\/masnoticiastv.com\/noticias\/wp-json\/wp\/v2\/tags?post=224"}],"curies":[{"name":"wp","href":"https:\/\/api.w.org\/{rel}","templated":true}]}}