{"id":2591,"date":"2024-09-18T19:15:15","date_gmt":"2024-09-19T00:15:15","guid":{"rendered":"https:\/\/masnoticiastv.com\/noticias\/?p=2591"},"modified":"2024-09-18T19:15:15","modified_gmt":"2024-09-19T00:15:15","slug":"el-panama-flamenco-festival-celebra-su-decima-edicion-con-estrellas-internacionales-y-actividades-especiales","status":"publish","type":"post","link":"https:\/\/masnoticiastv.com\/noticias\/el-panama-flamenco-festival-celebra-su-decima-edicion-con-estrellas-internacionales-y-actividades-especiales\/","title":{"rendered":"El Panam\u00e1 Flamenco Festival Celebra su D\u00e9cima Edici\u00f3n con Estrellas Internacionales y Actividades Especiales"},"content":{"rendered":"\n<p>El Panam\u00e1 Flamenco Festival se enorgullece de anunciar su d\u00e9cima edici\u00f3n, que se llevar\u00e1 a cabo del 7 al 10 de octubre en la Ciudad de Panam\u00e1. Este evento emblem\u00e1tico, que desde 2014 ha trabajado para promover y preservar el arte flamenco en Panam\u00e1, ha alcanzado a m\u00e1s de 23,000, ha impartido clases a m\u00e1s de 4,000 ni\u00f1os y certificado a m\u00e1s de 2,000 bailarines en Norte, Centro y Suram\u00e9rica.<br>\u00a0<br>Actividades y Clases Magistrales<br>Previo al festival, se ofrecer\u00e1n una serie de actividades dirigidas a estudiantes y aficionados al flamenco:<\/p>\n\n\n\n<figure class=\"wp-block-gallery has-nested-images columns-default is-cropped wp-block-gallery-1 is-layout-flex wp-block-gallery-is-layout-flex\">\n<figure class=\"wp-block-image size-large\"><a href=\"https:\/\/masnoticiastv.com\/noticias\/wp-content\/uploads\/2024\/09\/1000436666.jpg\"><img fetchpriority=\"high\" decoding=\"async\" width=\"716\" height=\"1024\" data-id=\"2594\" src=\"https:\/\/masnoticiastv.com\/noticias\/wp-content\/uploads\/2024\/09\/1000436666-716x1024.jpg\" alt=\"\" class=\"wp-image-2594\" srcset=\"https:\/\/masnoticiastv.com\/noticias\/wp-content\/uploads\/2024\/09\/1000436666-716x1024.jpg 716w, https:\/\/masnoticiastv.com\/noticias\/wp-content\/uploads\/2024\/09\/1000436666-210x300.jpg 210w, https:\/\/masnoticiastv.com\/noticias\/wp-content\/uploads\/2024\/09\/1000436666-768x1099.jpg 768w, https:\/\/masnoticiastv.com\/noticias\/wp-content\/uploads\/2024\/09\/1000436666-1073x1536.jpg 1073w, https:\/\/masnoticiastv.com\/noticias\/wp-content\/uploads\/2024\/09\/1000436666-600x859.jpg 600w, https:\/\/masnoticiastv.com\/noticias\/wp-content\/uploads\/2024\/09\/1000436666.jpg 1079w\" sizes=\"(max-width: 716px) 100vw, 716px\" \/><\/a><\/figure>\n\n\n\n<figure class=\"wp-block-image size-large\"><a href=\"https:\/\/masnoticiastv.com\/noticias\/wp-content\/uploads\/2024\/09\/1000436662.jpg\"><img decoding=\"async\" width=\"691\" height=\"1024\" data-id=\"2592\" src=\"https:\/\/masnoticiastv.com\/noticias\/wp-content\/uploads\/2024\/09\/1000436662-691x1024.jpg\" alt=\"\" class=\"wp-image-2592\" srcset=\"https:\/\/masnoticiastv.com\/noticias\/wp-content\/uploads\/2024\/09\/1000436662-691x1024.jpg 691w, https:\/\/masnoticiastv.com\/noticias\/wp-content\/uploads\/2024\/09\/1000436662-203x300.jpg 203w, https:\/\/masnoticiastv.com\/noticias\/wp-content\/uploads\/2024\/09\/1000436662-768x1137.jpg 768w, https:\/\/masnoticiastv.com\/noticias\/wp-content\/uploads\/2024\/09\/1000436662-1037x1536.jpg 1037w, https:\/\/masnoticiastv.com\/noticias\/wp-content\/uploads\/2024\/09\/1000436662-600x889.jpg 600w, https:\/\/masnoticiastv.com\/noticias\/wp-content\/uploads\/2024\/09\/1000436662.jpg 1079w\" sizes=\"(max-width: 691px) 100vw, 691px\" \/><\/a><\/figure>\n\n\n\n<figure class=\"wp-block-image size-large\"><a href=\"https:\/\/masnoticiastv.com\/noticias\/wp-content\/uploads\/2024\/09\/1000436658.jpg\"><img decoding=\"async\" width=\"1024\" height=\"678\" data-id=\"2593\" src=\"https:\/\/masnoticiastv.com\/noticias\/wp-content\/uploads\/2024\/09\/1000436658-1024x678.jpg\" alt=\"\" class=\"wp-image-2593\" srcset=\"https:\/\/masnoticiastv.com\/noticias\/wp-content\/uploads\/2024\/09\/1000436658-1024x678.jpg 1024w, https:\/\/masnoticiastv.com\/noticias\/wp-content\/uploads\/2024\/09\/1000436658-300x199.jpg 300w, https:\/\/masnoticiastv.com\/noticias\/wp-content\/uploads\/2024\/09\/1000436658-768x508.jpg 768w, https:\/\/masnoticiastv.com\/noticias\/wp-content\/uploads\/2024\/09\/1000436658-600x397.jpg 600w, https:\/\/masnoticiastv.com\/noticias\/wp-content\/uploads\/2024\/09\/1000436658.jpg 1079w\" sizes=\"(max-width: 1024px) 100vw, 1024px\" \/><\/a><\/figure>\n\n\n\n<figure class=\"wp-block-image size-large\"><a href=\"https:\/\/masnoticiastv.com\/noticias\/wp-content\/uploads\/2024\/09\/1000436654.jpg\"><img loading=\"lazy\" decoding=\"async\" width=\"1024\" height=\"681\" data-id=\"2595\" src=\"https:\/\/masnoticiastv.com\/noticias\/wp-content\/uploads\/2024\/09\/1000436654-1024x681.jpg\" alt=\"\" class=\"wp-image-2595\" srcset=\"https:\/\/masnoticiastv.com\/noticias\/wp-content\/uploads\/2024\/09\/1000436654-1024x681.jpg 1024w, https:\/\/masnoticiastv.com\/noticias\/wp-content\/uploads\/2024\/09\/1000436654-300x200.jpg 300w, https:\/\/masnoticiastv.com\/noticias\/wp-content\/uploads\/2024\/09\/1000436654-768x511.jpg 768w, https:\/\/masnoticiastv.com\/noticias\/wp-content\/uploads\/2024\/09\/1000436654-600x399.jpg 600w, https:\/\/masnoticiastv.com\/noticias\/wp-content\/uploads\/2024\/09\/1000436654.jpg 1079w\" sizes=\"(max-width: 1024px) 100vw, 1024px\" \/><\/a><\/figure>\n<\/figure>\n\n\n\n<ul class=\"wp-block-list\">\n<li>Clases Magistrales Gratuitas: Estas se realizar\u00e1n el 25 de septiembre en la Ciudad de las Artes y pr\u00f3ximamente en la Junta Comunal de San Francisco para la reinauguraci\u00f3n de la casa de la cultura de San Sebastian. Estas clases est\u00e1n dise\u00f1adas para personas de diferentes edades que desean tener un encuentro con el maravilloso arte del flamenco.<br>\u00a0<\/li>\n\n\n\n<li>Cursos para Aficionados al Flamenco: El 7 y 8 de octubre, se llevar\u00e1n a cabo cursos especializados para aficionados al flamenco en el Anita Loynaz Center. Estos cursos est\u00e1n orientados a quienes desean profundizar su conocimiento y experiencia en el arte flamenco.<br>\u00a0<br>Espect\u00e1culo Principal \u201cFIESTA FLAMENCA\u201d el Jueves 10 de Octubre en el Teatro Anayansi<br>El evento culminar\u00e1 con el espect\u00e1culo principal el 10 de octubre en el Teatro Anayansi. Este a\u00f1o, tenemos el honor de contar con la participaci\u00f3n estelar de \u00abEl Farru\u00bb, uno de los bailaores de flamenco espa\u00f1oles m\u00e1s destacados del mundo, \u00a0quien nos trae su \u00faltima producci\u00f3n \u201cFiesta Flamenca\u201d con un elenco de m\u00e1s de 10 artistas (Guitarristas, Cantaores, Percusinistas) y la participaci\u00f3n especial de la reconocida bailaora Anita loynaz.<\/li>\n<\/ul>\n\n\n\n<p>Feria de Tapas y Vinos<br>Despu\u00e9s del espect\u00e1culo principal, la cultura continua con la Feria de Tapas y Vinos (After Party Flamenco) que cuenta con la participaci\u00f3n de agrupaciones de flamenco de diversos pa\u00edses. Este evento ofrecer\u00e1 una experiencia gastron\u00f3mica y cultural \u00fanica, permitiendo a los asistentes disfrutar del flamenco en un ambiente festivo y socialdesde las 9:30pm a las 12a.m.<br>&nbsp;<br>Boletos a la venta en Panatickets desde $30<br>A Beneficio de Aid for Aids<br>Produce: Anita Loynaz<br>&nbsp;<br>Para m\u00e1s detalles sobre la X edici\u00f3n del Panam\u00e1 Flamenco Festival<\/p>\n\n\n\n<p>Nombre del Contacto:&nbsp;Anita Loynaz<br>Correo Electr\u00f3nico: anitaloynazacademia@gmail.com<br>Tel\u00e9fono: 62494860<\/p>\n\n\n\n<p>BIO EL FARRU<br>&nbsp;<br>Antonio Fern\u00e1ndez Montoya, \u00abFarru\u00bb, el mediano de la dinast\u00eda gitana de \u00abLos Farrucos\u00bb, ha colaborado con grandes artistas internacionales como Beyonc\u00e9, Bj\u00f6rk, Marc Anthony, Paulina Rubio, Madonna, y para grandes artista nacionales, como Paco de Luc\u00eda, Tomatito, El<br>Barrio, y tanto otros.<br>&nbsp;<br>Ha sido elogiado en peri\u00f3dicos como el New York Times, triunfado en los mejores teatros de Estados Unidos como el City Center de Nueva York, el Salders Wells de Londres y en el resto del mundo<\/p>\n","protected":false},"excerpt":{"rendered":"<p>El Panam\u00e1 Flamenco Festival se enorgullece de anunciar su d\u00e9cima edici\u00f3n, que se llevar\u00e1 a cabo del 7 al 10 de octubre en la Ciudad de Panam\u00e1. Este evento emblem\u00e1tico, que desde 2014 ha trabajado para promover y preservar el arte flamenco en Panam\u00e1, ha alcanzado a m\u00e1s de 23,000, ha impartido clases a m\u00e1s [&hellip;]<\/p>\n","protected":false},"author":3,"featured_media":2596,"comment_status":"open","ping_status":"open","sticky":false,"template":"","format":"standard","meta":{"footnotes":""},"categories":[11],"tags":[],"class_list":["post-2591","post","type-post","status-publish","format-standard","has-post-thumbnail","hentry","category-farandula"],"_links":{"self":[{"href":"https:\/\/masnoticiastv.com\/noticias\/wp-json\/wp\/v2\/posts\/2591","targetHints":{"allow":["GET"]}}],"collection":[{"href":"https:\/\/masnoticiastv.com\/noticias\/wp-json\/wp\/v2\/posts"}],"about":[{"href":"https:\/\/masnoticiastv.com\/noticias\/wp-json\/wp\/v2\/types\/post"}],"author":[{"embeddable":true,"href":"https:\/\/masnoticiastv.com\/noticias\/wp-json\/wp\/v2\/users\/3"}],"replies":[{"embeddable":true,"href":"https:\/\/masnoticiastv.com\/noticias\/wp-json\/wp\/v2\/comments?post=2591"}],"version-history":[{"count":1,"href":"https:\/\/masnoticiastv.com\/noticias\/wp-json\/wp\/v2\/posts\/2591\/revisions"}],"predecessor-version":[{"id":2597,"href":"https:\/\/masnoticiastv.com\/noticias\/wp-json\/wp\/v2\/posts\/2591\/revisions\/2597"}],"wp:featuredmedia":[{"embeddable":true,"href":"https:\/\/masnoticiastv.com\/noticias\/wp-json\/wp\/v2\/media\/2596"}],"wp:attachment":[{"href":"https:\/\/masnoticiastv.com\/noticias\/wp-json\/wp\/v2\/media?parent=2591"}],"wp:term":[{"taxonomy":"category","embeddable":true,"href":"https:\/\/masnoticiastv.com\/noticias\/wp-json\/wp\/v2\/categories?post=2591"},{"taxonomy":"post_tag","embeddable":true,"href":"https:\/\/masnoticiastv.com\/noticias\/wp-json\/wp\/v2\/tags?post=2591"}],"curies":[{"name":"wp","href":"https:\/\/api.w.org\/{rel}","templated":true}]}}