{"id":2609,"date":"2024-09-24T11:19:53","date_gmt":"2024-09-24T16:19:53","guid":{"rendered":"https:\/\/masnoticiastv.com\/noticias\/?p=2609"},"modified":"2024-09-24T11:19:53","modified_gmt":"2024-09-24T16:19:53","slug":"inspeccion-revela-incumplimientos-ambientales-en-proyecto-turistico-en-rio-hato","status":"publish","type":"post","link":"https:\/\/masnoticiastv.com\/noticias\/inspeccion-revela-incumplimientos-ambientales-en-proyecto-turistico-en-rio-hato\/","title":{"rendered":"Inspecci\u00f3n revela incumplimientos ambientales en proyecto tur\u00edstico en R\u00edo Hato"},"content":{"rendered":"\n<p><em>&#x25aa;&#xfe0f;El informe concluye que el proyecto incumple seis disposiciones ambientales, al mismo tiempo que se recomienda a los ejecutores del proyecto que se tomen acciones correctivas inmediatas.<\/em><\/p>\n\n\n\n<p>La Secci\u00f3n de Verificaci\u00f3n del Desempe\u00f1o Ambiental (SEVEDA) del Ministerio de Ambiente (MiAMBIENTE) de la regional de Cocl\u00e9, en conjunto con t\u00e9cnicos de la sede principal, realiz\u00f3 una inspecci\u00f3n de oficio tras la denuncia presentada el 14 de septiembre de 2024, por un ciudadano que notific\u00f3 en redes sociales la presunta liberaci\u00f3n de aguas estancadas con olores nauseabundos al mar en el \u00e1rea de R\u00edo Hato, provincia de Cocl\u00e9.<\/p>\n\n\n\n<p>Mediante un Informe t\u00e9cnico, se constat\u00f3 que el proyecto hab\u00eda abierto una zanja para drenar aguas pluviales estancadas, que antes se evacuaban a trav\u00e9s de un canal pluvial saturado de arena. No obstante, la inspecci\u00f3n inicial no pudo determinar la existencia de descargas de aguas residuales tratadas o no tratadas durante este proceso.<\/p>\n\n\n\n<p>En una segunda inspecci\u00f3n, se logr\u00f3 identificar varios incumplimientos. Se constat\u00f3 la presencia de agua anegada, producto de las fuertes lluvias, contaminada con grasa proveniente de una trampa de grasa saturada, as\u00ed como lixiviados de residuos s\u00f3lidos. Adem\u00e1s, se observ\u00f3 que el proyecto cuenta con un sistema combinado agua pluvial con la proveniente de la planta de tratamiento que, durante las lluvias y cuando sube la marea, sufre desbordes hacia el sistema pluvial, lo que agrava la situaci\u00f3n de contaminaci\u00f3n.<\/p>\n\n\n\n<figure class=\"wp-block-gallery has-nested-images columns-default is-cropped wp-block-gallery-1 is-layout-flex wp-block-gallery-is-layout-flex\">\n<figure class=\"wp-block-image size-large\"><a href=\"https:\/\/masnoticiastv.com\/noticias\/wp-content\/uploads\/2024\/09\/1000450354.jpg\"><img fetchpriority=\"high\" decoding=\"async\" width=\"1024\" height=\"1024\" data-id=\"2611\" src=\"https:\/\/masnoticiastv.com\/noticias\/wp-content\/uploads\/2024\/09\/1000450354-1024x1024.jpg\" alt=\"\" class=\"wp-image-2611\" srcset=\"https:\/\/masnoticiastv.com\/noticias\/wp-content\/uploads\/2024\/09\/1000450354-1024x1024.jpg 1024w, https:\/\/masnoticiastv.com\/noticias\/wp-content\/uploads\/2024\/09\/1000450354-300x300.jpg 300w, https:\/\/masnoticiastv.com\/noticias\/wp-content\/uploads\/2024\/09\/1000450354-150x150.jpg 150w, https:\/\/masnoticiastv.com\/noticias\/wp-content\/uploads\/2024\/09\/1000450354-768x768.jpg 768w, https:\/\/masnoticiastv.com\/noticias\/wp-content\/uploads\/2024\/09\/1000450354-600x600.jpg 600w, https:\/\/masnoticiastv.com\/noticias\/wp-content\/uploads\/2024\/09\/1000450354-100x100.jpg 100w, https:\/\/masnoticiastv.com\/noticias\/wp-content\/uploads\/2024\/09\/1000450354.jpg 1528w\" sizes=\"(max-width: 1024px) 100vw, 1024px\" \/><\/a><\/figure>\n\n\n\n<figure class=\"wp-block-image size-large\"><a href=\"https:\/\/masnoticiastv.com\/noticias\/wp-content\/uploads\/2024\/09\/1000450349.jpg\"><img decoding=\"async\" width=\"1024\" height=\"768\" data-id=\"2610\" src=\"https:\/\/masnoticiastv.com\/noticias\/wp-content\/uploads\/2024\/09\/1000450349-1024x768.jpg\" alt=\"\" class=\"wp-image-2610\" srcset=\"https:\/\/masnoticiastv.com\/noticias\/wp-content\/uploads\/2024\/09\/1000450349-1024x768.jpg 1024w, https:\/\/masnoticiastv.com\/noticias\/wp-content\/uploads\/2024\/09\/1000450349-300x225.jpg 300w, https:\/\/masnoticiastv.com\/noticias\/wp-content\/uploads\/2024\/09\/1000450349-768x576.jpg 768w, https:\/\/masnoticiastv.com\/noticias\/wp-content\/uploads\/2024\/09\/1000450349-600x450.jpg 600w, https:\/\/masnoticiastv.com\/noticias\/wp-content\/uploads\/2024\/09\/1000450349.jpg 1280w\" sizes=\"(max-width: 1024px) 100vw, 1024px\" \/><\/a><\/figure>\n<\/figure>\n\n\n\n<p>Si bien la apertura de zanjas para drenar aguas pluviales se plantea como una soluci\u00f3n temporal, la falta de planificaci\u00f3n adecuada o de autorizaci\u00f3n para la gesti\u00f3n de aguas residuales, combinada con una infraestructura deficiente \u2014como los cajones sin tapaderas\u2014 genera serios riesgos de contaminaci\u00f3n. La situaci\u00f3n descrita plantea un riesgo considerable tanto para el ambiente como para la salud p\u00fablica.<\/p>\n\n\n\n<p>En otras visitas se identificaron problemas significativos, como la saturaci\u00f3n de trampas de grasa y la disposici\u00f3n inadecuada de residuos s\u00f3lidos, lo que contraviene la normativa ambiental vigente. Adem\u00e1s, se detectaron cajones pluviales sin tapaderas que reciben la descarga de la planta de tratamiento de aguas residuales (PTAR), representando un riesgo tanto para trabajadores como para visitantes y posibles focos de proliferaci\u00f3n de vectores.<\/p>\n\n\n\n<p>El Ministerio de Ambiente reitera su compromiso con la protecci\u00f3n del medio ambiente y la salud p\u00fablica en la regi\u00f3n, al mismo tiempo que agradece a la ciudadan\u00eda por denunciar las faltas contra el ambiente y hace un llamado a las empresas, promotoras y due\u00f1os de proyectos para que cumplan a cabalidad las normas ambientales para evitar sanciones.<\/p>\n","protected":false},"excerpt":{"rendered":"<p>&#x25aa;&#xfe0f;El informe concluye que el proyecto incumple seis disposiciones ambientales, al mismo tiempo que se recomienda a los ejecutores del proyecto que se tomen acciones correctivas inmediatas. La Secci\u00f3n de Verificaci\u00f3n del Desempe\u00f1o Ambiental (SEVEDA) del Ministerio de Ambiente (MiAMBIENTE) de la regional de Cocl\u00e9, en conjunto con t\u00e9cnicos de la sede principal, realiz\u00f3 una [&hellip;]<\/p>\n","protected":false},"author":3,"featured_media":2612,"comment_status":"open","ping_status":"open","sticky":false,"template":"","format":"standard","meta":{"footnotes":""},"categories":[10],"tags":[54,149,64,55],"class_list":["post-2609","post","type-post","status-publish","format-standard","has-post-thumbnail","hentry","category-noticias","tag-masnoticiastv","tag-mi-ambiente","tag-noticia","tag-panama"],"_links":{"self":[{"href":"https:\/\/masnoticiastv.com\/noticias\/wp-json\/wp\/v2\/posts\/2609","targetHints":{"allow":["GET"]}}],"collection":[{"href":"https:\/\/masnoticiastv.com\/noticias\/wp-json\/wp\/v2\/posts"}],"about":[{"href":"https:\/\/masnoticiastv.com\/noticias\/wp-json\/wp\/v2\/types\/post"}],"author":[{"embeddable":true,"href":"https:\/\/masnoticiastv.com\/noticias\/wp-json\/wp\/v2\/users\/3"}],"replies":[{"embeddable":true,"href":"https:\/\/masnoticiastv.com\/noticias\/wp-json\/wp\/v2\/comments?post=2609"}],"version-history":[{"count":1,"href":"https:\/\/masnoticiastv.com\/noticias\/wp-json\/wp\/v2\/posts\/2609\/revisions"}],"predecessor-version":[{"id":2613,"href":"https:\/\/masnoticiastv.com\/noticias\/wp-json\/wp\/v2\/posts\/2609\/revisions\/2613"}],"wp:featuredmedia":[{"embeddable":true,"href":"https:\/\/masnoticiastv.com\/noticias\/wp-json\/wp\/v2\/media\/2612"}],"wp:attachment":[{"href":"https:\/\/masnoticiastv.com\/noticias\/wp-json\/wp\/v2\/media?parent=2609"}],"wp:term":[{"taxonomy":"category","embeddable":true,"href":"https:\/\/masnoticiastv.com\/noticias\/wp-json\/wp\/v2\/categories?post=2609"},{"taxonomy":"post_tag","embeddable":true,"href":"https:\/\/masnoticiastv.com\/noticias\/wp-json\/wp\/v2\/tags?post=2609"}],"curies":[{"name":"wp","href":"https:\/\/api.w.org\/{rel}","templated":true}]}}