{"id":268,"date":"2022-11-28T14:17:08","date_gmt":"2022-11-28T19:17:08","guid":{"rendered":"https:\/\/masnoticiastv.com\/noticias\/?p=268"},"modified":"2022-11-28T14:17:08","modified_gmt":"2022-11-28T19:17:08","slug":"vicepresidente-carrizo-jaen-destaco-las-luchas-que-han-enfrentado-los-panamenos-desde-la-independencia-de-espana-hasta-nuestros-dias","status":"publish","type":"post","link":"https:\/\/masnoticiastv.com\/noticias\/vicepresidente-carrizo-jaen-destaco-las-luchas-que-han-enfrentado-los-panamenos-desde-la-independencia-de-espana-hasta-nuestros-dias\/","title":{"rendered":"Vicepresidente Carrizo Ja\u00e9n destac\u00f3 las luchas que han enfrentado los paname\u00f1os desde la Independencia de Espa\u00f1a hasta nuestros d\u00edas"},"content":{"rendered":"\n<p>\u2022 El vicepresidente particip\u00f3 de los actos protocolares en Boquete para celebrar los 201 a\u00f1os de Independencia de Espa\u00f1a.<\/p>\n\n\n\n<p>\u2022 Asegur\u00f3 que esta fecha hist\u00f3rica nos recuerda que los paname\u00f1os estamos siempre dispuestos a unirnos cuando se trata de nuestro propio futuro y el de las siguientes generaciones.<\/p>\n\n\n\n<p>El vicepresidente de la Rep\u00fablica y ministro de la Presidencia, Jos\u00e9 Gabriel Carrizo Ja\u00e9n, particip\u00f3, este lunes, de las actividades y desfile en el distrito de Boquete, provincia de Chiriqu\u00ed, para conmemorar la Independencia de Panam\u00e1 de Espa\u00f1a.<br>Los actos protocolares dieron inicio en el Parque Jos\u00e9 Domingo M\u00e9dica, con la izada y juramentaci\u00f3n de la bandera, el canto del Himno Nacional, acompa\u00f1ado de los acordes de la banda de m\u00fasica de la Polic\u00eda Nacional.<br>La abanderada doctora Gabriela Acosta, directora m\u00e9dica de la Policl\u00ednica Ernesto P\u00e9rez Balladares hijo, recibi\u00f3 de manos del vicepresidente Jos\u00e9 Gabriel Carrizo Ja\u00e9n, el pabell\u00f3n Nacional.<\/p>\n\n\n\n<p>Carrizo Ja\u00e9n hizo referencia a las luchas que han tenido que asumir los paname\u00f1os desde la Independencia de Espa\u00f1a, hasta nuestros d\u00edas.<\/p>\n\n\n\n<p>\u201cCada generaci\u00f3n de paname\u00f1os ha tenido que asumir un reto particular desde nuestra independencia de Espa\u00f1a hasta hoy; han sido muchas las luchas desde el establecimiento y la recuperaci\u00f3n de la soberan\u00eda, la construcci\u00f3n del canal, la creaci\u00f3n de un modelo econ\u00f3mico \u00fanico en el mundo, el restablecimiento de las instituciones p\u00fablicas, la ampliaci\u00f3n del canal y a nuestra generaci\u00f3n le toc\u00f3 enfrentar la pandemia\u00bb, destac\u00f3 el vicepresidente de la Rep\u00fablica, durante los actos protocolares en Boquete.<\/p>\n\n\n\n<figure class=\"wp-block-gallery has-nested-images columns-default is-cropped wp-block-gallery-1 is-layout-flex wp-block-gallery-is-layout-flex\">\n<figure class=\"wp-block-image size-large\"><a href=\"https:\/\/masnoticiastv.com\/noticias\/wp-content\/uploads\/2022\/11\/IMG-20221128-WA0093.jpg\"><img fetchpriority=\"high\" decoding=\"async\" width=\"1024\" height=\"682\" data-id=\"272\" src=\"https:\/\/masnoticiastv.com\/noticias\/wp-content\/uploads\/2022\/11\/IMG-20221128-WA0093.jpg\" alt=\"\" class=\"wp-image-272\" srcset=\"https:\/\/masnoticiastv.com\/noticias\/wp-content\/uploads\/2022\/11\/IMG-20221128-WA0093.jpg 1024w, https:\/\/masnoticiastv.com\/noticias\/wp-content\/uploads\/2022\/11\/IMG-20221128-WA0093-300x200.jpg 300w, https:\/\/masnoticiastv.com\/noticias\/wp-content\/uploads\/2022\/11\/IMG-20221128-WA0093-768x512.jpg 768w, https:\/\/masnoticiastv.com\/noticias\/wp-content\/uploads\/2022\/11\/IMG-20221128-WA0093-600x400.jpg 600w\" sizes=\"(max-width: 1024px) 100vw, 1024px\" \/><\/a><\/figure>\n\n\n\n<figure class=\"wp-block-image size-large\"><a href=\"https:\/\/masnoticiastv.com\/noticias\/wp-content\/uploads\/2022\/11\/IMG-20221128-WA0094.jpg\"><img decoding=\"async\" width=\"1024\" height=\"682\" data-id=\"269\" src=\"https:\/\/masnoticiastv.com\/noticias\/wp-content\/uploads\/2022\/11\/IMG-20221128-WA0094.jpg\" alt=\"\" class=\"wp-image-269\" srcset=\"https:\/\/masnoticiastv.com\/noticias\/wp-content\/uploads\/2022\/11\/IMG-20221128-WA0094.jpg 1024w, https:\/\/masnoticiastv.com\/noticias\/wp-content\/uploads\/2022\/11\/IMG-20221128-WA0094-300x200.jpg 300w, https:\/\/masnoticiastv.com\/noticias\/wp-content\/uploads\/2022\/11\/IMG-20221128-WA0094-768x512.jpg 768w, https:\/\/masnoticiastv.com\/noticias\/wp-content\/uploads\/2022\/11\/IMG-20221128-WA0094-600x400.jpg 600w\" sizes=\"(max-width: 1024px) 100vw, 1024px\" \/><\/a><\/figure>\n\n\n\n<figure class=\"wp-block-image size-large\"><a href=\"https:\/\/masnoticiastv.com\/noticias\/wp-content\/uploads\/2022\/11\/IMG-20221128-WA0096.jpg\"><img decoding=\"async\" width=\"1024\" height=\"682\" data-id=\"270\" src=\"https:\/\/masnoticiastv.com\/noticias\/wp-content\/uploads\/2022\/11\/IMG-20221128-WA0096.jpg\" alt=\"\" class=\"wp-image-270\" srcset=\"https:\/\/masnoticiastv.com\/noticias\/wp-content\/uploads\/2022\/11\/IMG-20221128-WA0096.jpg 1024w, https:\/\/masnoticiastv.com\/noticias\/wp-content\/uploads\/2022\/11\/IMG-20221128-WA0096-300x200.jpg 300w, https:\/\/masnoticiastv.com\/noticias\/wp-content\/uploads\/2022\/11\/IMG-20221128-WA0096-768x512.jpg 768w, https:\/\/masnoticiastv.com\/noticias\/wp-content\/uploads\/2022\/11\/IMG-20221128-WA0096-600x400.jpg 600w\" sizes=\"(max-width: 1024px) 100vw, 1024px\" \/><\/a><\/figure>\n\n\n\n<figure class=\"wp-block-image size-large\"><a href=\"https:\/\/masnoticiastv.com\/noticias\/wp-content\/uploads\/2022\/11\/IMG-20221128-WA0097.jpg\"><img loading=\"lazy\" decoding=\"async\" width=\"1024\" height=\"682\" data-id=\"271\" src=\"https:\/\/masnoticiastv.com\/noticias\/wp-content\/uploads\/2022\/11\/IMG-20221128-WA0097.jpg\" alt=\"\" class=\"wp-image-271\" srcset=\"https:\/\/masnoticiastv.com\/noticias\/wp-content\/uploads\/2022\/11\/IMG-20221128-WA0097.jpg 1024w, https:\/\/masnoticiastv.com\/noticias\/wp-content\/uploads\/2022\/11\/IMG-20221128-WA0097-300x200.jpg 300w, https:\/\/masnoticiastv.com\/noticias\/wp-content\/uploads\/2022\/11\/IMG-20221128-WA0097-768x512.jpg 768w, https:\/\/masnoticiastv.com\/noticias\/wp-content\/uploads\/2022\/11\/IMG-20221128-WA0097-600x400.jpg 600w\" sizes=\"(max-width: 1024px) 100vw, 1024px\" \/><\/a><\/figure>\n<\/figure>\n\n\n\n<p>Destac\u00f3 que \u00aben un d\u00eda como hoy debemos recordar que no existe retos grandes para los paname\u00f1os, ni metas que se resistan a nuestros deseos de progresar como naci\u00f3n\u201d.<br>El distrito de Boquete conmemora los 201 a\u00f1os del rompimiento de los lazos coloniales que exist\u00edan entre Panam\u00e1 y el imperio espa\u00f1ol.<br>El vicepresidente de la Rep\u00fablica estuvo acompa\u00f1ado del alcalde de Boquete, Joswar Alvarado; la oradora oficial, la doctora Gloriela Acosta; ministros y viceministros de Estado; directores de entidades, diputados y representantes de corregimiento, entre otras autoridades.<\/p>\n\n\n\n<p>Luego de los actos protocolares el vicepresidente pas\u00f3 revista al benem\u00e9rito Cuerpo de Bomberos de la Estaci\u00f3n # 7 de Boquete que celebran los 135 a\u00f1os de fundaci\u00f3n.<br>Posteriormente, Carrizo Ja\u00e9n se traslad\u00f3 al distrito de San Miguelito, para participar de los desfiles y as\u00ed despedir las festividades patrias.<\/p>\n","protected":false},"excerpt":{"rendered":"<p>\u2022 El vicepresidente particip\u00f3 de los actos protocolares en Boquete para celebrar los 201 a\u00f1os de Independencia de Espa\u00f1a. \u2022 Asegur\u00f3 que esta fecha hist\u00f3rica nos recuerda que los paname\u00f1os estamos siempre dispuestos a unirnos cuando se trata de nuestro propio futuro y el de las siguientes generaciones. El vicepresidente de la Rep\u00fablica y ministro [&hellip;]<\/p>\n","protected":false},"author":3,"featured_media":266,"comment_status":"open","ping_status":"open","sticky":false,"template":"","format":"standard","meta":{"footnotes":""},"categories":[10],"tags":[],"class_list":["post-268","post","type-post","status-publish","format-standard","has-post-thumbnail","hentry","category-noticias"],"_links":{"self":[{"href":"https:\/\/masnoticiastv.com\/noticias\/wp-json\/wp\/v2\/posts\/268","targetHints":{"allow":["GET"]}}],"collection":[{"href":"https:\/\/masnoticiastv.com\/noticias\/wp-json\/wp\/v2\/posts"}],"about":[{"href":"https:\/\/masnoticiastv.com\/noticias\/wp-json\/wp\/v2\/types\/post"}],"author":[{"embeddable":true,"href":"https:\/\/masnoticiastv.com\/noticias\/wp-json\/wp\/v2\/users\/3"}],"replies":[{"embeddable":true,"href":"https:\/\/masnoticiastv.com\/noticias\/wp-json\/wp\/v2\/comments?post=268"}],"version-history":[{"count":1,"href":"https:\/\/masnoticiastv.com\/noticias\/wp-json\/wp\/v2\/posts\/268\/revisions"}],"predecessor-version":[{"id":273,"href":"https:\/\/masnoticiastv.com\/noticias\/wp-json\/wp\/v2\/posts\/268\/revisions\/273"}],"wp:featuredmedia":[{"embeddable":true,"href":"https:\/\/masnoticiastv.com\/noticias\/wp-json\/wp\/v2\/media\/266"}],"wp:attachment":[{"href":"https:\/\/masnoticiastv.com\/noticias\/wp-json\/wp\/v2\/media?parent=268"}],"wp:term":[{"taxonomy":"category","embeddable":true,"href":"https:\/\/masnoticiastv.com\/noticias\/wp-json\/wp\/v2\/categories?post=268"},{"taxonomy":"post_tag","embeddable":true,"href":"https:\/\/masnoticiastv.com\/noticias\/wp-json\/wp\/v2\/tags?post=268"}],"curies":[{"name":"wp","href":"https:\/\/api.w.org\/{rel}","templated":true}]}}