{"id":2723,"date":"2024-11-07T06:01:00","date_gmt":"2024-11-07T11:01:00","guid":{"rendered":"https:\/\/masnoticiastv.com\/noticias\/?p=2723"},"modified":"2024-11-07T17:03:26","modified_gmt":"2024-11-07T22:03:26","slug":"arraijan-town-center-inaugura-la-temporada-navidena-con-la-encendida-del-arbol-en-medio-del-gran-circo-de-navidad","status":"publish","type":"post","link":"https:\/\/masnoticiastv.com\/noticias\/arraijan-town-center-inaugura-la-temporada-navidena-con-la-encendida-del-arbol-en-medio-del-gran-circo-de-navidad\/","title":{"rendered":"Arraij\u00e1n Town Center inaugura la temporada navide\u00f1a con la encendida del \u00e1rbol en medio del \u00abGran Circo de Navidad\u00bb"},"content":{"rendered":"\n<p>Este domingo 17 de noviembre, Arraij\u00e1n Town Center se prepara para dar la bienvenida a la Navidad de una manera \u00fanica y espectacular: la encendida de su \u00e1rbol navide\u00f1o en el m\u00e1gico ambiente del\u00a0<strong>Gran Circo de Navidad<\/strong>. Desde las 4:00 p.m., las familias paname\u00f1as podr\u00e1n disfrutar de un evento lleno de sorpresas y magia, donde el esp\u00edritu circense se fusiona con la tradici\u00f3n navide\u00f1a para crear un ambiente de alegr\u00eda y celebraci\u00f3n.<\/p>\n\n\n\n<p>El evento comenzar\u00e1 con la prestigiosa Banda Mois\u00e9s Castillo Oca\u00f1a, que ofrecer\u00e1 una emotiva interpretaci\u00f3n de villancicos tradicionales. Esta banda escolar, reconocida a nivel internacional, ser\u00e1 la encargada de darle el toque musical a la celebraci\u00f3n.<\/p>\n\n\n\n<p>Durante la tarde, los asistentes disfrutar\u00e1n de un espect\u00e1culo lleno de sorpresas con zanqueros, payasos, globos y otras atracciones circenses que animar\u00e1n el ambiente. El gran momento de la noche ser\u00e1 la esperada encendida del \u00e1rbol de Navidad, un espect\u00e1culo visual impresionante que marcar\u00e1 el inicio oficial de la temporada navide\u00f1a.<\/p>\n\n\n\n<p><strong><em>\u201cLa encendida del \u00e1rbol es siempre un momento especial en Araij\u00e1n Town Center y este a\u00f1o quisimos llevarlo un paso m\u00e1s all\u00e1. Ser\u00e1 un evento \u00fanico, donde la magia del circo se combinar\u00e1 con la alegr\u00eda de la Navidad. Sin duda, ser\u00e1 una noche llena de sorpresas para toda la familia y un memorable inicio de la temporada m\u00e1s especial para las familias, nuestras marcas y patrocinadores\u201d,<\/em><\/strong>&nbsp;expres\u00f3 Hilary Bulgin, Gerente de Comercializaci\u00f3n y Mercadeo de Doble\u00fa Proyectos &amp; Inversiones.<\/p>\n\n\n\n<p>La magia del circo y la Navidad se unir\u00e1n cuando el \u00e1rbol cobre vida, iluminando el cielo de Arraij\u00e1n con miles de luces cuando la iluminaci\u00f3n del \u00e1rbol se fusione con el impresionante show de fuegos artificiales, que dar\u00e1 el toque final a una celebraci\u00f3n llena de alegr\u00eda y magia.<\/p>\n\n\n\n<p>Adem\u00e1s, este evento ser\u00e1 pet friendly, por lo que las familias podr\u00e1n asistir con sus mascotas y compartir esta experiencia especial juntos. Los organizadores invitan a los asistentes a llegar temprano para disfrutar de todas las actividades previas a la encendida del \u00e1rbol y aprovechar al m\u00e1ximo esta fiesta navide\u00f1a cargada de magia y alegr\u00eda.<\/p>\n","protected":false},"excerpt":{"rendered":"<p>Este domingo 17 de noviembre, Arraij\u00e1n Town Center se prepara para dar la bienvenida a la Navidad de una manera \u00fanica y espectacular: la encendida de su \u00e1rbol navide\u00f1o en el m\u00e1gico ambiente del\u00a0Gran Circo de Navidad. Desde las 4:00 p.m., las familias paname\u00f1as podr\u00e1n disfrutar de un evento lleno de sorpresas y magia, donde [&hellip;]<\/p>\n","protected":false},"author":3,"featured_media":2724,"comment_status":"open","ping_status":"open","sticky":false,"template":"","format":"standard","meta":{"footnotes":""},"categories":[10,14],"tags":[27,54,64,55],"class_list":["post-2723","post","type-post","status-publish","format-standard","has-post-thumbnail","hentry","category-noticias","category-lanzamientos","tag-cinema","tag-masnoticiastv","tag-noticia","tag-panama"],"_links":{"self":[{"href":"https:\/\/masnoticiastv.com\/noticias\/wp-json\/wp\/v2\/posts\/2723","targetHints":{"allow":["GET"]}}],"collection":[{"href":"https:\/\/masnoticiastv.com\/noticias\/wp-json\/wp\/v2\/posts"}],"about":[{"href":"https:\/\/masnoticiastv.com\/noticias\/wp-json\/wp\/v2\/types\/post"}],"author":[{"embeddable":true,"href":"https:\/\/masnoticiastv.com\/noticias\/wp-json\/wp\/v2\/users\/3"}],"replies":[{"embeddable":true,"href":"https:\/\/masnoticiastv.com\/noticias\/wp-json\/wp\/v2\/comments?post=2723"}],"version-history":[{"count":1,"href":"https:\/\/masnoticiastv.com\/noticias\/wp-json\/wp\/v2\/posts\/2723\/revisions"}],"predecessor-version":[{"id":2725,"href":"https:\/\/masnoticiastv.com\/noticias\/wp-json\/wp\/v2\/posts\/2723\/revisions\/2725"}],"wp:featuredmedia":[{"embeddable":true,"href":"https:\/\/masnoticiastv.com\/noticias\/wp-json\/wp\/v2\/media\/2724"}],"wp:attachment":[{"href":"https:\/\/masnoticiastv.com\/noticias\/wp-json\/wp\/v2\/media?parent=2723"}],"wp:term":[{"taxonomy":"category","embeddable":true,"href":"https:\/\/masnoticiastv.com\/noticias\/wp-json\/wp\/v2\/categories?post=2723"},{"taxonomy":"post_tag","embeddable":true,"href":"https:\/\/masnoticiastv.com\/noticias\/wp-json\/wp\/v2\/tags?post=2723"}],"curies":[{"name":"wp","href":"https:\/\/api.w.org\/{rel}","templated":true}]}}