{"id":274,"date":"2022-11-28T14:25:22","date_gmt":"2022-11-28T19:25:22","guid":{"rendered":"https:\/\/masnoticiastv.com\/noticias\/?p=274"},"modified":"2022-11-28T14:25:22","modified_gmt":"2022-11-28T19:25:22","slug":"policia-rescata-a-comerciante-de-origen-asiatico-que-estaba-secuestrado-y-aprehende-a-cuatro-personas","status":"publish","type":"post","link":"https:\/\/masnoticiastv.com\/noticias\/policia-rescata-a-comerciante-de-origen-asiatico-que-estaba-secuestrado-y-aprehende-a-cuatro-personas\/","title":{"rendered":"POLIC\u00cdA RESCATA A COMERCIANTE DE ORIGEN ASI\u00c1TICO QUE ESTABA SECUESTRADO Y APREHENDE A CUATRO PERSONAS"},"content":{"rendered":"\n<p>La r\u00e1pida acci\u00f3n de la Polic\u00eda Nacional en conjunto con el Ministerio P\u00fablico, a trav\u00e9s de la Operaci\u00f3n Antisecuestro aprehenden a 4 personas en el sector de El Espino, de La Chorrera la madrugada de este lunes, 28 de noviembre.<\/p>\n\n\n\n<p>La victima fue secuestrada el pasado viernes 25 de noviembre.Todos los aprehendidos son de nacionalidad china.<\/p>\n\n\n\n<p>El subcomisionado Pablo Villarreal, Director Nacional de Investigaci\u00f3n Judicial, dijo que para la liberaci\u00f3n de este ciudadano se estaba solicitando la suma de B\/. 100,000.<\/p>\n\n\n\n<p>Esta diligencia de allanamiento se desarrolla en una empresa recicladora ubicada en Panam\u00e1 Oeste, donde se rescata a la v\u00edctima, quien presentaba algunls golpes en su anatom\u00eda, y a la vez se logra la aprehensi\u00f3n de los cuatro sospechosos.<\/p>\n\n\n\n<p>De igual forma se decomisa dinero en efectivo por la suma de B\/. 1,093.00 adem\u00e1s de 4 equipos celulares, una escopeta calibre12, un rifle calibre 22, una pistola, y un rifle de pellets.<\/p>\n\n\n\n<figure class=\"wp-block-gallery has-nested-images columns-default is-cropped wp-block-gallery-1 is-layout-flex wp-block-gallery-is-layout-flex\">\n<figure class=\"wp-block-image size-large\"><a href=\"https:\/\/masnoticiastv.com\/noticias\/wp-content\/uploads\/2022\/11\/IMG-20221128-WA0127.jpg\"><img fetchpriority=\"high\" decoding=\"async\" width=\"720\" height=\"399\" data-id=\"276\" src=\"https:\/\/masnoticiastv.com\/noticias\/wp-content\/uploads\/2022\/11\/IMG-20221128-WA0127.jpg\" alt=\"\" class=\"wp-image-276\" srcset=\"https:\/\/masnoticiastv.com\/noticias\/wp-content\/uploads\/2022\/11\/IMG-20221128-WA0127.jpg 720w, https:\/\/masnoticiastv.com\/noticias\/wp-content\/uploads\/2022\/11\/IMG-20221128-WA0127-300x166.jpg 300w, https:\/\/masnoticiastv.com\/noticias\/wp-content\/uploads\/2022\/11\/IMG-20221128-WA0127-600x333.jpg 600w\" sizes=\"(max-width: 720px) 100vw, 720px\" \/><\/a><\/figure>\n\n\n\n<figure class=\"wp-block-image size-large\"><a href=\"https:\/\/masnoticiastv.com\/noticias\/wp-content\/uploads\/2022\/11\/IMG-20221128-WA0126.jpg\"><img decoding=\"async\" width=\"720\" height=\"400\" data-id=\"275\" src=\"https:\/\/masnoticiastv.com\/noticias\/wp-content\/uploads\/2022\/11\/IMG-20221128-WA0126.jpg\" alt=\"\" class=\"wp-image-275\" srcset=\"https:\/\/masnoticiastv.com\/noticias\/wp-content\/uploads\/2022\/11\/IMG-20221128-WA0126.jpg 720w, https:\/\/masnoticiastv.com\/noticias\/wp-content\/uploads\/2022\/11\/IMG-20221128-WA0126-300x167.jpg 300w, https:\/\/masnoticiastv.com\/noticias\/wp-content\/uploads\/2022\/11\/IMG-20221128-WA0126-600x333.jpg 600w\" sizes=\"(max-width: 720px) 100vw, 720px\" \/><\/a><\/figure>\n<\/figure>\n","protected":false},"excerpt":{"rendered":"<p>La r\u00e1pida acci\u00f3n de la Polic\u00eda Nacional en conjunto con el Ministerio P\u00fablico, a trav\u00e9s de la Operaci\u00f3n Antisecuestro aprehenden a 4 personas en el sector de El Espino, de La Chorrera la madrugada de este lunes, 28 de noviembre. La victima fue secuestrada el pasado viernes 25 de noviembre.Todos los aprehendidos son de nacionalidad [&hellip;]<\/p>\n","protected":false},"author":3,"featured_media":277,"comment_status":"open","ping_status":"open","sticky":false,"template":"","format":"standard","meta":{"footnotes":""},"categories":[10],"tags":[],"class_list":["post-274","post","type-post","status-publish","format-standard","has-post-thumbnail","hentry","category-noticias"],"_links":{"self":[{"href":"https:\/\/masnoticiastv.com\/noticias\/wp-json\/wp\/v2\/posts\/274","targetHints":{"allow":["GET"]}}],"collection":[{"href":"https:\/\/masnoticiastv.com\/noticias\/wp-json\/wp\/v2\/posts"}],"about":[{"href":"https:\/\/masnoticiastv.com\/noticias\/wp-json\/wp\/v2\/types\/post"}],"author":[{"embeddable":true,"href":"https:\/\/masnoticiastv.com\/noticias\/wp-json\/wp\/v2\/users\/3"}],"replies":[{"embeddable":true,"href":"https:\/\/masnoticiastv.com\/noticias\/wp-json\/wp\/v2\/comments?post=274"}],"version-history":[{"count":1,"href":"https:\/\/masnoticiastv.com\/noticias\/wp-json\/wp\/v2\/posts\/274\/revisions"}],"predecessor-version":[{"id":278,"href":"https:\/\/masnoticiastv.com\/noticias\/wp-json\/wp\/v2\/posts\/274\/revisions\/278"}],"wp:featuredmedia":[{"embeddable":true,"href":"https:\/\/masnoticiastv.com\/noticias\/wp-json\/wp\/v2\/media\/277"}],"wp:attachment":[{"href":"https:\/\/masnoticiastv.com\/noticias\/wp-json\/wp\/v2\/media?parent=274"}],"wp:term":[{"taxonomy":"category","embeddable":true,"href":"https:\/\/masnoticiastv.com\/noticias\/wp-json\/wp\/v2\/categories?post=274"},{"taxonomy":"post_tag","embeddable":true,"href":"https:\/\/masnoticiastv.com\/noticias\/wp-json\/wp\/v2\/tags?post=274"}],"curies":[{"name":"wp","href":"https:\/\/api.w.org\/{rel}","templated":true}]}}