{"id":297,"date":"2022-12-04T12:05:05","date_gmt":"2022-12-04T17:05:05","guid":{"rendered":"https:\/\/masnoticiastv.com\/noticias\/?p=297"},"modified":"2022-12-04T12:05:56","modified_gmt":"2022-12-04T17:05:56","slug":"meduca-dara-seguimiento-a-sus-programas-y-planes-en-el-conadis","status":"publish","type":"post","link":"https:\/\/masnoticiastv.com\/noticias\/meduca-dara-seguimiento-a-sus-programas-y-planes-en-el-conadis\/","title":{"rendered":"<strong>Meduca\u00a0dar\u00e1 seguimiento a sus programas y planes en el\u00a0Conadis<\/strong>"},"content":{"rendered":"\n<p>La XI Reuni\u00f3n Ordinaria del Consejo Nacional de Discapacidad (Conadis) se desarroll\u00f3 con el objetivo de dar seguimiento a las pol\u00edticas p\u00fablicas en materia de discapacidad y establecer programas y proyectos a favor de este sector de la poblaci\u00f3n.<\/p>\n\n\n\n<p>La presentaci\u00f3n de&nbsp;la Comisi\u00f3n del Ministerio de Educaci\u00f3n (Meduca), presidida por el viceministro Acad\u00e9mico, Ariel Rodr\u00edguez Gil, destac\u00f3 que se reafirma una educaci\u00f3n para todos, con servicios educativos en 1,538 centros escolares,en que participan 20,573 estudiantes con discapacidad, lo que representa un 49.53% del total de 3,105&nbsp;centros educativos existentes.<\/p>\n\n\n\n<p>Tambi\u00e9n dijo que,&nbsp;en el periodo escolar 2022,&nbsp;se han desarrollado 2,400 diversos talleres de sensibilizaci\u00f3n para la mejora continua de los procesos inclusivos.<\/p>\n\n\n\n<p>Adem\u00e1s,&nbsp;Meduca-Secretar\u00eda Nacional de Discapacidad&nbsp;desarrollan un plan piloto de Aulas de Recursos. Con apoyostecnol\u00f3gicos, did\u00e1cticos y mobiliarios,&nbsp;adaptados para garantizar el&nbsp;ODS 4. Con una inversi\u00f3n de B\/.250,000&nbsp;para beneficio&nbsp;de&nbsp;4,971 estudiantes.<\/p>\n\n\n\n<p>Este 3 de diciembre,&nbsp;al&nbsp;celebrarse el D\u00eda Internacional de las Personas con Discapacidad,&nbsp;en el Meduca garantizamos la inclusi\u00f3n de todos nuestros estudiantes con el fin de promover la equidad educativa por igual, dijo la directora de&nbsp;Educaci\u00f3n Especial,&nbsp;Kiria&nbsp;Kant.<\/p>\n\n\n\n<p>El&nbsp;Conadis&nbsp;lo compone la&nbsp;Comisi\u00f3n de Educaci\u00f3n, Familia, Accesibilidad al Medio F\u00edsico, a la comunicaci\u00f3n y la informaci\u00f3n, Derechos Humanos, Salud, Cultura y&nbsp;Deportesy la&nbsp;Comisi\u00f3n de Trabajo.<\/p>\n\n\n\n<p>El Gobierno Nacional, con esta iniciativa,&nbsp;reafirma&nbsp;elcompromiso&nbsp;de&nbsp;enfocarse en los derechos de las personas con discapacidad,&nbsp;para accionar su empoderamiento en la vida independiente de aquellos individuos<\/p>\n\n\n\n<figure class=\"wp-block-gallery has-nested-images columns-default is-cropped wp-block-gallery-1 is-layout-flex wp-block-gallery-is-layout-flex\">\n<figure class=\"wp-block-image size-large\"><a href=\"https:\/\/masnoticiastv.com\/noticias\/wp-content\/uploads\/2022\/12\/SmartSelect_20221204-115544_Gmail.jpg\"><img fetchpriority=\"high\" decoding=\"async\" width=\"1024\" height=\"800\" data-id=\"299\" src=\"https:\/\/masnoticiastv.com\/noticias\/wp-content\/uploads\/2022\/12\/SmartSelect_20221204-115544_Gmail-1024x800.jpg\" alt=\"\" class=\"wp-image-299\" srcset=\"https:\/\/masnoticiastv.com\/noticias\/wp-content\/uploads\/2022\/12\/SmartSelect_20221204-115544_Gmail-1024x800.jpg 1024w, https:\/\/masnoticiastv.com\/noticias\/wp-content\/uploads\/2022\/12\/SmartSelect_20221204-115544_Gmail-300x234.jpg 300w, https:\/\/masnoticiastv.com\/noticias\/wp-content\/uploads\/2022\/12\/SmartSelect_20221204-115544_Gmail-768x600.jpg 768w, https:\/\/masnoticiastv.com\/noticias\/wp-content\/uploads\/2022\/12\/SmartSelect_20221204-115544_Gmail-600x469.jpg 600w, https:\/\/masnoticiastv.com\/noticias\/wp-content\/uploads\/2022\/12\/SmartSelect_20221204-115544_Gmail.jpg 1078w\" sizes=\"(max-width: 1024px) 100vw, 1024px\" \/><\/a><\/figure>\n\n\n\n<figure class=\"wp-block-image size-large\"><a href=\"https:\/\/masnoticiastv.com\/noticias\/wp-content\/uploads\/2022\/12\/SmartSelect_20221204-115533_Gmail.jpg\"><img decoding=\"async\" width=\"1024\" height=\"683\" data-id=\"302\" src=\"https:\/\/masnoticiastv.com\/noticias\/wp-content\/uploads\/2022\/12\/SmartSelect_20221204-115533_Gmail-1024x683.jpg\" alt=\"\" class=\"wp-image-302\" srcset=\"https:\/\/masnoticiastv.com\/noticias\/wp-content\/uploads\/2022\/12\/SmartSelect_20221204-115533_Gmail-1024x683.jpg 1024w, https:\/\/masnoticiastv.com\/noticias\/wp-content\/uploads\/2022\/12\/SmartSelect_20221204-115533_Gmail-300x200.jpg 300w, https:\/\/masnoticiastv.com\/noticias\/wp-content\/uploads\/2022\/12\/SmartSelect_20221204-115533_Gmail-768x512.jpg 768w, https:\/\/masnoticiastv.com\/noticias\/wp-content\/uploads\/2022\/12\/SmartSelect_20221204-115533_Gmail-600x400.jpg 600w, https:\/\/masnoticiastv.com\/noticias\/wp-content\/uploads\/2022\/12\/SmartSelect_20221204-115533_Gmail.jpg 1078w\" sizes=\"(max-width: 1024px) 100vw, 1024px\" \/><\/a><\/figure>\n\n\n\n<figure class=\"wp-block-image size-large\"><a href=\"https:\/\/masnoticiastv.com\/noticias\/wp-content\/uploads\/2022\/12\/SmartSelect_20221204-115522_Gmail.jpg\"><img decoding=\"async\" width=\"1024\" height=\"683\" data-id=\"300\" src=\"https:\/\/masnoticiastv.com\/noticias\/wp-content\/uploads\/2022\/12\/SmartSelect_20221204-115522_Gmail-1024x683.jpg\" alt=\"\" class=\"wp-image-300\" srcset=\"https:\/\/masnoticiastv.com\/noticias\/wp-content\/uploads\/2022\/12\/SmartSelect_20221204-115522_Gmail-1024x683.jpg 1024w, https:\/\/masnoticiastv.com\/noticias\/wp-content\/uploads\/2022\/12\/SmartSelect_20221204-115522_Gmail-300x200.jpg 300w, https:\/\/masnoticiastv.com\/noticias\/wp-content\/uploads\/2022\/12\/SmartSelect_20221204-115522_Gmail-768x512.jpg 768w, https:\/\/masnoticiastv.com\/noticias\/wp-content\/uploads\/2022\/12\/SmartSelect_20221204-115522_Gmail-600x400.jpg 600w, https:\/\/masnoticiastv.com\/noticias\/wp-content\/uploads\/2022\/12\/SmartSelect_20221204-115522_Gmail.jpg 1078w\" sizes=\"(max-width: 1024px) 100vw, 1024px\" \/><\/a><\/figure>\n\n\n\n<figure class=\"wp-block-image size-large\"><a href=\"https:\/\/masnoticiastv.com\/noticias\/wp-content\/uploads\/2022\/12\/SmartSelect_20221204-115514_Gmail.jpg\"><img loading=\"lazy\" decoding=\"async\" width=\"1024\" height=\"683\" data-id=\"301\" src=\"https:\/\/masnoticiastv.com\/noticias\/wp-content\/uploads\/2022\/12\/SmartSelect_20221204-115514_Gmail-1024x683.jpg\" alt=\"\" class=\"wp-image-301\" srcset=\"https:\/\/masnoticiastv.com\/noticias\/wp-content\/uploads\/2022\/12\/SmartSelect_20221204-115514_Gmail-1024x683.jpg 1024w, https:\/\/masnoticiastv.com\/noticias\/wp-content\/uploads\/2022\/12\/SmartSelect_20221204-115514_Gmail-300x200.jpg 300w, https:\/\/masnoticiastv.com\/noticias\/wp-content\/uploads\/2022\/12\/SmartSelect_20221204-115514_Gmail-768x512.jpg 768w, https:\/\/masnoticiastv.com\/noticias\/wp-content\/uploads\/2022\/12\/SmartSelect_20221204-115514_Gmail-600x400.jpg 600w, https:\/\/masnoticiastv.com\/noticias\/wp-content\/uploads\/2022\/12\/SmartSelect_20221204-115514_Gmail.jpg 1078w\" sizes=\"(max-width: 1024px) 100vw, 1024px\" \/><\/a><\/figure>\n<\/figure>\n","protected":false},"excerpt":{"rendered":"<p>La XI Reuni\u00f3n Ordinaria del Consejo Nacional de Discapacidad (Conadis) se desarroll\u00f3 con el objetivo de dar seguimiento a las pol\u00edticas p\u00fablicas en materia de discapacidad y establecer programas y proyectos a favor de este sector de la poblaci\u00f3n. La presentaci\u00f3n de&nbsp;la Comisi\u00f3n del Ministerio de Educaci\u00f3n (Meduca), presidida por el viceministro Acad\u00e9mico, Ariel Rodr\u00edguez [&hellip;]<\/p>\n","protected":false},"author":3,"featured_media":298,"comment_status":"open","ping_status":"open","sticky":false,"template":"","format":"standard","meta":{"footnotes":""},"categories":[10,1],"tags":[54],"class_list":["post-297","post","type-post","status-publish","format-standard","has-post-thumbnail","hentry","category-noticias","category-sin-categoria","tag-masnoticiastv"],"_links":{"self":[{"href":"https:\/\/masnoticiastv.com\/noticias\/wp-json\/wp\/v2\/posts\/297","targetHints":{"allow":["GET"]}}],"collection":[{"href":"https:\/\/masnoticiastv.com\/noticias\/wp-json\/wp\/v2\/posts"}],"about":[{"href":"https:\/\/masnoticiastv.com\/noticias\/wp-json\/wp\/v2\/types\/post"}],"author":[{"embeddable":true,"href":"https:\/\/masnoticiastv.com\/noticias\/wp-json\/wp\/v2\/users\/3"}],"replies":[{"embeddable":true,"href":"https:\/\/masnoticiastv.com\/noticias\/wp-json\/wp\/v2\/comments?post=297"}],"version-history":[{"count":1,"href":"https:\/\/masnoticiastv.com\/noticias\/wp-json\/wp\/v2\/posts\/297\/revisions"}],"predecessor-version":[{"id":303,"href":"https:\/\/masnoticiastv.com\/noticias\/wp-json\/wp\/v2\/posts\/297\/revisions\/303"}],"wp:featuredmedia":[{"embeddable":true,"href":"https:\/\/masnoticiastv.com\/noticias\/wp-json\/wp\/v2\/media\/298"}],"wp:attachment":[{"href":"https:\/\/masnoticiastv.com\/noticias\/wp-json\/wp\/v2\/media?parent=297"}],"wp:term":[{"taxonomy":"category","embeddable":true,"href":"https:\/\/masnoticiastv.com\/noticias\/wp-json\/wp\/v2\/categories?post=297"},{"taxonomy":"post_tag","embeddable":true,"href":"https:\/\/masnoticiastv.com\/noticias\/wp-json\/wp\/v2\/tags?post=297"}],"curies":[{"name":"wp","href":"https:\/\/api.w.org\/{rel}","templated":true}]}}