{"id":2976,"date":"2025-04-01T13:35:44","date_gmt":"2025-04-01T18:35:44","guid":{"rendered":"https:\/\/masnoticiastv.com\/noticias\/?p=2976"},"modified":"2025-04-01T13:35:44","modified_gmt":"2025-04-01T18:35:44","slug":"la-udelas-fortalece-oferta-academica-en-chiriqui-y-comarca","status":"publish","type":"post","link":"https:\/\/masnoticiastv.com\/noticias\/la-udelas-fortalece-oferta-academica-en-chiriqui-y-comarca\/","title":{"rendered":"La UDELAS fortalece oferta acad\u00e9mica en Chiriqu\u00ed y comarca"},"content":{"rendered":"\n<p>La Universidad Especializada de las Am\u00e9ricas (UDELAS), lanz\u00f3 nuevos Programas Acad\u00e9micos en el distrito de Bugaba, provincia de Chiriqu\u00ed y el corregimiento de Soloy, en la Comarca Ng\u00e4be Bugl\u00e9 con los cuales busca llevar una excelencia educativa a estudiantes que se ven beneficiados con una educaci\u00f3n p\u00fablica superior de calidad.<br>Durante el acto inaugural del nuevo centro de estudios en Bugaba, la rectora de la UDELAS, Nicolasa Terreros Barrios, explic\u00f3 que el Programa Acad\u00e9mico consiste en la apertura de la Licenciatura de Docencia en ingl\u00e9s con un primer grupo de 35 estudiantes.<br>Para este proyecto, explic\u00f3 que firmaron un convenio con el Colegio Biling\u00fce Paulletino de Bugaba que entre otros puntos establece que este centro de estudios pone a disposici\u00f3n sus instalaciones para que la UDELAS inicie operaciones de manera formal.<\/p>\n\n\n\n<figure class=\"wp-block-gallery has-nested-images columns-default is-cropped wp-block-gallery-1 is-layout-flex wp-block-gallery-is-layout-flex\">\n<figure class=\"wp-block-image size-large\"><a href=\"https:\/\/masnoticiastv.com\/noticias\/wp-content\/uploads\/2025\/04\/1000985939.jpg\"><img fetchpriority=\"high\" decoding=\"async\" width=\"739\" height=\"1024\" data-id=\"2978\" src=\"https:\/\/masnoticiastv.com\/noticias\/wp-content\/uploads\/2025\/04\/1000985939-739x1024.jpg\" alt=\"\" class=\"wp-image-2978\" srcset=\"https:\/\/masnoticiastv.com\/noticias\/wp-content\/uploads\/2025\/04\/1000985939-739x1024.jpg 739w, https:\/\/masnoticiastv.com\/noticias\/wp-content\/uploads\/2025\/04\/1000985939-217x300.jpg 217w, https:\/\/masnoticiastv.com\/noticias\/wp-content\/uploads\/2025\/04\/1000985939-768x1064.jpg 768w, https:\/\/masnoticiastv.com\/noticias\/wp-content\/uploads\/2025\/04\/1000985939-600x831.jpg 600w, https:\/\/masnoticiastv.com\/noticias\/wp-content\/uploads\/2025\/04\/1000985939.jpg 924w\" sizes=\"(max-width: 739px) 100vw, 739px\" \/><\/a><\/figure>\n\n\n\n<figure class=\"wp-block-image size-large\"><a href=\"https:\/\/masnoticiastv.com\/noticias\/wp-content\/uploads\/2025\/04\/1000985938.jpg\"><img decoding=\"async\" width=\"1024\" height=\"576\" data-id=\"2977\" src=\"https:\/\/masnoticiastv.com\/noticias\/wp-content\/uploads\/2025\/04\/1000985938-1024x576.jpg\" alt=\"\" class=\"wp-image-2977\" srcset=\"https:\/\/masnoticiastv.com\/noticias\/wp-content\/uploads\/2025\/04\/1000985938-1024x576.jpg 1024w, https:\/\/masnoticiastv.com\/noticias\/wp-content\/uploads\/2025\/04\/1000985938-300x169.jpg 300w, https:\/\/masnoticiastv.com\/noticias\/wp-content\/uploads\/2025\/04\/1000985938-768x432.jpg 768w, https:\/\/masnoticiastv.com\/noticias\/wp-content\/uploads\/2025\/04\/1000985938-600x338.jpg 600w, https:\/\/masnoticiastv.com\/noticias\/wp-content\/uploads\/2025\/04\/1000985938.jpg 1280w\" sizes=\"(max-width: 1024px) 100vw, 1024px\" \/><\/a><\/figure>\n<\/figure>\n\n\n\n<p>Terreros Barrios tambi\u00e9n firm\u00f3 un convenio marco de colaboraci\u00f3n con la Terminal de Transportes de David (Fetrateda) mediante el cual se ofrece un \u201cespacio para el desarrollo de pr\u00e1cticas universitarias a nuestros estudiantes y que al mismo tiempo brindan servicios de atenci\u00f3n primaria a los transportistas y usuarios de esta terminal\u201d.<br>Por otro lado, la rectora de la UDELAS estuvo en el corregimiento de Soloy, en donde se dio inicio a el Programa Acad\u00e9mico con la apertura de tres (3) carreras que son: Educaci\u00f3n Intercultural Biling\u00fce, Inform\u00e1tica Educativa y Docencia en ingl\u00e9s con una matr\u00edcula de 126 estudiantes.<br>Adem\u00e1s, particip\u00f3 del VIII Foro Universitario sobre Pol\u00edticas de Igualdad de Oportunidades para las Mujeres con la participaci\u00f3n de m\u00e1s de 100 personas entre ellos estudiantes, profesores y autoridades locales de la Comarca Ng\u00e4be Bugl\u00e9.<br>Concluy\u00f3 se\u00f1alando que de esta manera la UDELAS promueve y fortalece sus pol\u00edticas de vinculaci\u00f3n con la sociedad y consolida su presencia en comunidades que requieren tener acceso a la educaci\u00f3n universitaria.<\/p>\n","protected":false},"excerpt":{"rendered":"<p>La Universidad Especializada de las Am\u00e9ricas (UDELAS), lanz\u00f3 nuevos Programas Acad\u00e9micos en el distrito de Bugaba, provincia de Chiriqu\u00ed y el corregimiento de Soloy, en la Comarca Ng\u00e4be Bugl\u00e9 con los cuales busca llevar una excelencia educativa a estudiantes que se ven beneficiados con una educaci\u00f3n p\u00fablica superior de calidad.Durante el acto inaugural del nuevo [&hellip;]<\/p>\n","protected":false},"author":3,"featured_media":2979,"comment_status":"open","ping_status":"open","sticky":false,"template":"","format":"standard","meta":{"footnotes":""},"categories":[10,14],"tags":[26,54,64,55],"class_list":["post-2976","post","type-post","status-publish","format-standard","has-post-thumbnail","hentry","category-noticias","category-lanzamientos","tag-business","tag-masnoticiastv","tag-noticia","tag-panama"],"_links":{"self":[{"href":"https:\/\/masnoticiastv.com\/noticias\/wp-json\/wp\/v2\/posts\/2976","targetHints":{"allow":["GET"]}}],"collection":[{"href":"https:\/\/masnoticiastv.com\/noticias\/wp-json\/wp\/v2\/posts"}],"about":[{"href":"https:\/\/masnoticiastv.com\/noticias\/wp-json\/wp\/v2\/types\/post"}],"author":[{"embeddable":true,"href":"https:\/\/masnoticiastv.com\/noticias\/wp-json\/wp\/v2\/users\/3"}],"replies":[{"embeddable":true,"href":"https:\/\/masnoticiastv.com\/noticias\/wp-json\/wp\/v2\/comments?post=2976"}],"version-history":[{"count":1,"href":"https:\/\/masnoticiastv.com\/noticias\/wp-json\/wp\/v2\/posts\/2976\/revisions"}],"predecessor-version":[{"id":2980,"href":"https:\/\/masnoticiastv.com\/noticias\/wp-json\/wp\/v2\/posts\/2976\/revisions\/2980"}],"wp:featuredmedia":[{"embeddable":true,"href":"https:\/\/masnoticiastv.com\/noticias\/wp-json\/wp\/v2\/media\/2979"}],"wp:attachment":[{"href":"https:\/\/masnoticiastv.com\/noticias\/wp-json\/wp\/v2\/media?parent=2976"}],"wp:term":[{"taxonomy":"category","embeddable":true,"href":"https:\/\/masnoticiastv.com\/noticias\/wp-json\/wp\/v2\/categories?post=2976"},{"taxonomy":"post_tag","embeddable":true,"href":"https:\/\/masnoticiastv.com\/noticias\/wp-json\/wp\/v2\/tags?post=2976"}],"curies":[{"name":"wp","href":"https:\/\/api.w.org\/{rel}","templated":true}]}}