{"id":3038,"date":"2025-04-22T16:14:00","date_gmt":"2025-04-22T21:14:00","guid":{"rendered":"https:\/\/masnoticiastv.com\/noticias\/?p=3038"},"modified":"2025-04-22T22:22:28","modified_gmt":"2025-04-23T03:22:28","slug":"universidad-de-panama-gradua-a-63-profesionales-farmaceuticos-que-reforzaran-el-avance-cientifico-y-humanitario-del-pais","status":"publish","type":"post","link":"https:\/\/masnoticiastv.com\/noticias\/universidad-de-panama-gradua-a-63-profesionales-farmaceuticos-que-reforzaran-el-avance-cientifico-y-humanitario-del-pais\/","title":{"rendered":"*Universidad de Panam\u00e1 grad\u00faa a 63 profesionales farmac\u00e9uticos que reforzar\u00e1n el avance cient\u00edfico y humanitario del pa\u00eds*"},"content":{"rendered":"\n<p>La Universidad de Panam\u00e1 gradu\u00f3 a 63 nuevos profesionales en Ciencias Farmac\u00e9uticas, miembros de la promoci\u00f3n 2024-2025 de la Facultad de Farmacia.<\/p>\n\n\n\n<p>Durante la ceremonia de graduaci\u00f3n, el Dr. Jaime Guti\u00e9rrez, Vicerrector de Investigaci\u00f3n y Postgrado, enfatiz\u00f3 que la labor del farmac\u00e9utico moderno va mucho m\u00e1s all\u00e1 de dispensar medicamentos. <\/p>\n\n\n\n<p>\u201cHoy m\u00e1s que nunca, necesitamos farmac\u00e9uticos que sean agentes activos en la promoci\u00f3n de la salud, la prevenci\u00f3n de enfermedades y, sobre todo, en el desarrollo de investigaci\u00f3n cient\u00edfica con impacto real en la vida de los paname\u00f1os\u201d, expres\u00f3. Guti\u00e9rrez inst\u00f3 a los egresados a apostar por la ciencia como v\u00eda para generar soluciones innovadoras ante los desaf\u00edos sanitarios del pa\u00eds.Por su parte, la decana Rosa Buitrago del Rosal hizo el llamado a no perder de vista el componente humano de la profesi\u00f3n. \u201cEl tacto humano es tan importante como el conocimiento t\u00e9cnico. <\/p>\n\n\n\n<p>Cada paciente merece respeto, empat\u00eda y un trato digno. Nuestros profesionales deben ser no solo expertos en su \u00e1rea, sino tambi\u00e9n guardianes del bienestar emocional de quienes los necesitan\u201d, afirm\u00f3.<\/p>\n\n\n\n<p>Durante el acto, se reconoci\u00f3 a los tres primeros lugares de la promoci\u00f3n, quienes encarnan la excelencia acad\u00e9mica y el liderazgo profesional Arihana Rengifo, Nayrovi Kojira, Juan Qiu, estos j\u00f3venes representan la promesa de una industria farmac\u00e9utica fortalecida, \u00e9tica y centrada en el bienestar social.Con esta nueva generaci\u00f3n de profesionales, la Facultad de Farmacia reafirma su compromiso de seguir formando l\u00edderes capaces de transformar el presente y construir un sistema de salud m\u00e1s justo, accesible y humano. <\/p>\n\n\n\n<p>Su papel ser\u00e1 clave en los a\u00f1os venideros, cuando la ciencia y la sensibilidad se necesitar\u00e1n en igual medida para enfrentar los retos de un mundo en constante cambio.La industria farmac\u00e9utica no solo sostiene una parte esencial de la econom\u00eda paname\u00f1a; es, sobre todo, un eje estrat\u00e9gico para la salud p\u00fablica y el desarrollo cient\u00edfico del pa\u00eds. Desde la innovaci\u00f3n en medicamentos hasta la prevenci\u00f3n de enfermedades, su impacto se traduce directamente en vidas salvadas y comunidades fortalecidas.<\/p>\n","protected":false},"excerpt":{"rendered":"<p>La Universidad de Panam\u00e1 gradu\u00f3 a 63 nuevos profesionales en Ciencias Farmac\u00e9uticas, miembros de la promoci\u00f3n 2024-2025 de la Facultad de Farmacia. Durante la ceremonia de graduaci\u00f3n, el Dr. Jaime Guti\u00e9rrez, Vicerrector de Investigaci\u00f3n y Postgrado, enfatiz\u00f3 que la labor del farmac\u00e9utico moderno va mucho m\u00e1s all\u00e1 de dispensar medicamentos. \u201cHoy m\u00e1s que nunca, necesitamos [&hellip;]<\/p>\n","protected":false},"author":3,"featured_media":3039,"comment_status":"open","ping_status":"open","sticky":false,"template":"","format":"standard","meta":{"footnotes":""},"categories":[10],"tags":[54,64,55,184],"class_list":["post-3038","post","type-post","status-publish","format-standard","has-post-thumbnail","hentry","category-noticias","tag-masnoticiastv","tag-noticia","tag-panama","tag-universidad-de-panama"],"_links":{"self":[{"href":"https:\/\/masnoticiastv.com\/noticias\/wp-json\/wp\/v2\/posts\/3038","targetHints":{"allow":["GET"]}}],"collection":[{"href":"https:\/\/masnoticiastv.com\/noticias\/wp-json\/wp\/v2\/posts"}],"about":[{"href":"https:\/\/masnoticiastv.com\/noticias\/wp-json\/wp\/v2\/types\/post"}],"author":[{"embeddable":true,"href":"https:\/\/masnoticiastv.com\/noticias\/wp-json\/wp\/v2\/users\/3"}],"replies":[{"embeddable":true,"href":"https:\/\/masnoticiastv.com\/noticias\/wp-json\/wp\/v2\/comments?post=3038"}],"version-history":[{"count":1,"href":"https:\/\/masnoticiastv.com\/noticias\/wp-json\/wp\/v2\/posts\/3038\/revisions"}],"predecessor-version":[{"id":3040,"href":"https:\/\/masnoticiastv.com\/noticias\/wp-json\/wp\/v2\/posts\/3038\/revisions\/3040"}],"wp:featuredmedia":[{"embeddable":true,"href":"https:\/\/masnoticiastv.com\/noticias\/wp-json\/wp\/v2\/media\/3039"}],"wp:attachment":[{"href":"https:\/\/masnoticiastv.com\/noticias\/wp-json\/wp\/v2\/media?parent=3038"}],"wp:term":[{"taxonomy":"category","embeddable":true,"href":"https:\/\/masnoticiastv.com\/noticias\/wp-json\/wp\/v2\/categories?post=3038"},{"taxonomy":"post_tag","embeddable":true,"href":"https:\/\/masnoticiastv.com\/noticias\/wp-json\/wp\/v2\/tags?post=3038"}],"curies":[{"name":"wp","href":"https:\/\/api.w.org\/{rel}","templated":true}]}}