{"id":3062,"date":"2025-05-16T15:07:34","date_gmt":"2025-05-16T20:07:34","guid":{"rendered":"https:\/\/masnoticiastv.com\/noticias\/?p=3062"},"modified":"2025-05-16T15:07:34","modified_gmt":"2025-05-16T20:07:34","slug":"universidad-de-panama-retorna-a-las-clases-presenciales-desde-el-lunes-19-de-mayo","status":"publish","type":"post","link":"https:\/\/masnoticiastv.com\/noticias\/universidad-de-panama-retorna-a-las-clases-presenciales-desde-el-lunes-19-de-mayo\/","title":{"rendered":"Universidad de Panam\u00e1 retorna a las clases presenciales desde el lunes 19 de mayo"},"content":{"rendered":"\n<p>El Consejo Acad\u00e9mico de la Universidad de Panam\u00e1 anunci\u00f3 el retorno a las clases presenciales de los estudiantes en sus campus principales: Octavio M\u00e9ndez Pereira y Harmodio Arias Madrid, a partir del lunes 19 de mayo.<br>En un comunicado, firmado por el rector Eduardo Flores Castro y el secretario general Ricardo A. Parker D., la Casa de M\u00e9ndez Pereira reafirma su compromiso como espacio de di\u00e1logo dispuesto a contribuir en la b\u00fasqueda de soluciones ante los problemas que atraviesa el pa\u00eds.<br>Asimismo, las m\u00e1ximas autoridades universitarias hacen un llamado a toda la comunidad de la primera casa de estudios superiores a no caer en provocaciones que puedan alejarse del sitial de respeto y compromiso social que hist\u00f3ricamente ha ocupado esta instituci\u00f3n.<br>La Universidad de Panam\u00e1 ha sido hist\u00f3ricamente defensora de la democracia, la autonom\u00eda universitaria, el di\u00e1logo y la transformaci\u00f3n social desde el respeto a los derechos humanos.<br>\u00abReiteramos nuestro llamado a la paz, al respeto por los derechos de todos y al di\u00e1logo como v\u00eda para superar las diferencias sociales\u00bb reiter\u00f3 el rector Flores Castro.<\/p>\n","protected":false},"excerpt":{"rendered":"<p>El Consejo Acad\u00e9mico de la Universidad de Panam\u00e1 anunci\u00f3 el retorno a las clases presenciales de los estudiantes en sus campus principales: Octavio M\u00e9ndez Pereira y Harmodio Arias Madrid, a partir del lunes 19 de mayo.En un comunicado, firmado por el rector Eduardo Flores Castro y el secretario general Ricardo A. Parker D., la Casa [&hellip;]<\/p>\n","protected":false},"author":3,"featured_media":3063,"comment_status":"open","ping_status":"open","sticky":false,"template":"","format":"standard","meta":{"footnotes":""},"categories":[10],"tags":[54,64,55,67,184],"class_list":["post-3062","post","type-post","status-publish","format-standard","has-post-thumbnail","hentry","category-noticias","tag-masnoticiastv","tag-noticia","tag-panama","tag-salud","tag-universidad-de-panama"],"_links":{"self":[{"href":"https:\/\/masnoticiastv.com\/noticias\/wp-json\/wp\/v2\/posts\/3062","targetHints":{"allow":["GET"]}}],"collection":[{"href":"https:\/\/masnoticiastv.com\/noticias\/wp-json\/wp\/v2\/posts"}],"about":[{"href":"https:\/\/masnoticiastv.com\/noticias\/wp-json\/wp\/v2\/types\/post"}],"author":[{"embeddable":true,"href":"https:\/\/masnoticiastv.com\/noticias\/wp-json\/wp\/v2\/users\/3"}],"replies":[{"embeddable":true,"href":"https:\/\/masnoticiastv.com\/noticias\/wp-json\/wp\/v2\/comments?post=3062"}],"version-history":[{"count":1,"href":"https:\/\/masnoticiastv.com\/noticias\/wp-json\/wp\/v2\/posts\/3062\/revisions"}],"predecessor-version":[{"id":3064,"href":"https:\/\/masnoticiastv.com\/noticias\/wp-json\/wp\/v2\/posts\/3062\/revisions\/3064"}],"wp:featuredmedia":[{"embeddable":true,"href":"https:\/\/masnoticiastv.com\/noticias\/wp-json\/wp\/v2\/media\/3063"}],"wp:attachment":[{"href":"https:\/\/masnoticiastv.com\/noticias\/wp-json\/wp\/v2\/media?parent=3062"}],"wp:term":[{"taxonomy":"category","embeddable":true,"href":"https:\/\/masnoticiastv.com\/noticias\/wp-json\/wp\/v2\/categories?post=3062"},{"taxonomy":"post_tag","embeddable":true,"href":"https:\/\/masnoticiastv.com\/noticias\/wp-json\/wp\/v2\/tags?post=3062"}],"curies":[{"name":"wp","href":"https:\/\/api.w.org\/{rel}","templated":true}]}}