{"id":3089,"date":"2025-05-21T18:38:00","date_gmt":"2025-05-21T23:38:00","guid":{"rendered":"https:\/\/masnoticiastv.com\/noticias\/?p=3089"},"modified":"2025-05-22T10:40:44","modified_gmt":"2025-05-22T15:40:44","slug":"universidad-de-panama-exige-investigacion-exhaustiva-por-acto-criminal-contra-estudiante-universitario-caleb-bejarano","status":"publish","type":"post","link":"https:\/\/masnoticiastv.com\/noticias\/universidad-de-panama-exige-investigacion-exhaustiva-por-acto-criminal-contra-estudiante-universitario-caleb-bejarano\/","title":{"rendered":"Universidad de Panam\u00e1 exige investigaci\u00f3n exhaustiva por acto criminal contra estudiante universitario Caleb Bejarano"},"content":{"rendered":"\n<p>El Consejo Acad\u00e9mico de la Universidad de Panam\u00e1, reunido en sesi\u00f3n permanente, exige una investigaci\u00f3n exhaustiva y rigurosa sobre el acto criminal perpetrado contra el joven Caleb Bejarano, universitario de la Licenciatura en ingl\u00e9s del anexo de Sitio Prado.<br>En un pronunciamiento de las m\u00e1ximas autoridades de la Casa de M\u00e9ndez Pereira, el incidente en el que Caleb result\u00f3 herido de bala en el abdomen, excede dram\u00e1ticamente los l\u00edmites del uso de protocolos por parte de las fuerzas antidisturbios en el despeje de v\u00edas p\u00fablicas, constituyendo una grave y condenable violaci\u00f3n a los derechos humanos fundamentales.<br>Este lamentable suceso ocurri\u00f3 en la madrugada del jueves 15 de mayo de 2025, alrededor de las 2:00 a.m., a orillas de la carretera Panamericana, a la altura de la comunidad de El Pir\u00fa.<br>Un grupo de personas se encontraba en vigilia, protestando pac\u00edficamente contra la Ley 462 de la Caja de Seguro Social, cuando se produjeron detonaciones que culminaron en la herida del universitario.<br>Tras el incidente, el joven Bejarano fue trasladado a Los Ruices, donde recibi\u00f3 los primeros auxilios por una ambulancia del 911, antes de ser trasladado al Hospital Regional Dr. Luis \u00abChicho\u00bb F\u00e1brega en Santiago e ingresado en la sala de cuidados intensivos.<br>Desde el pasado 16 de mayo, la Universidad de Panam\u00e1 ha mantenido un seguimiento cercano y constante a la evoluci\u00f3n de salud de Caleb Bejarano.<\/p>\n\n\n\n<figure class=\"wp-block-gallery has-nested-images columns-default is-cropped wp-block-gallery-1 is-layout-flex wp-block-gallery-is-layout-flex\">\n<figure class=\"wp-block-image size-large\"><a href=\"https:\/\/masnoticiastv.com\/noticias\/wp-content\/uploads\/2025\/05\/1001124095.jpg\"><img fetchpriority=\"high\" decoding=\"async\" width=\"851\" height=\"1024\" data-id=\"3091\" src=\"https:\/\/masnoticiastv.com\/noticias\/wp-content\/uploads\/2025\/05\/1001124095-851x1024.jpg\" alt=\"\" class=\"wp-image-3091\" srcset=\"https:\/\/masnoticiastv.com\/noticias\/wp-content\/uploads\/2025\/05\/1001124095-851x1024.jpg 851w, https:\/\/masnoticiastv.com\/noticias\/wp-content\/uploads\/2025\/05\/1001124095-249x300.jpg 249w, https:\/\/masnoticiastv.com\/noticias\/wp-content\/uploads\/2025\/05\/1001124095-768x924.jpg 768w, https:\/\/masnoticiastv.com\/noticias\/wp-content\/uploads\/2025\/05\/1001124095-600x722.jpg 600w, https:\/\/masnoticiastv.com\/noticias\/wp-content\/uploads\/2025\/05\/1001124095.jpg 1080w\" sizes=\"(max-width: 851px) 100vw, 851px\" \/><\/a><\/figure>\n<\/figure>\n\n\n\n<p>Su padre, el se\u00f1or Sinecio Bejarano, ha confirmado que, si bien su condici\u00f3n fue inicialmente delicada, hoy se encuentra fuera de peligro y con una notable mejor\u00eda, agradeciendo la excelente atenci\u00f3n m\u00e9dica y de enfermer\u00eda recibida.<br>Ante esta situaci\u00f3n, el rector de la primera casa de estudios, Dr. Eduardo Flores Castro, expres\u00f3 que: \u00abla Universidad de Panam\u00e1 condena en\u00e9rgicamente este acto y, as\u00ed como solicita una investigaci\u00f3n sobre el caso de la menor impactada por una piedra en incidentes similares, reitera su exigencia inquebrantable de una investigaci\u00f3n exhaustiva sobre el ataque criminal contra Caleb Bejarano. Este hecho, al exceder cualquier l\u00edmite de protocolo en el despeje de v\u00edas p\u00fablicas, refuerza nuestra demanda irrestricta de respeto a los derechos humanos y cero tolerancia a la violencia\u00bb.<br>En este contexto, la instituci\u00f3n se une a las recientes palabras del Arzobispo de Panam\u00e1, Monse\u00f1or Jos\u00e9 Domingo Ulloa, quien ha exhortado a la b\u00fasqueda de la paz.<br>\u00abSin embargo, enfatizamos que la verdadera paz solo puede construirse sobre la base innegociable de la justicia, la verdad y la rendici\u00f3n de cuentas\u00bb, recalc\u00f3 el rector.<\/p>\n","protected":false},"excerpt":{"rendered":"<p>El Consejo Acad\u00e9mico de la Universidad de Panam\u00e1, reunido en sesi\u00f3n permanente, exige una investigaci\u00f3n exhaustiva y rigurosa sobre el acto criminal perpetrado contra el joven Caleb Bejarano, universitario de la Licenciatura en ingl\u00e9s del anexo de Sitio Prado.En un pronunciamiento de las m\u00e1ximas autoridades de la Casa de M\u00e9ndez Pereira, el incidente en el [&hellip;]<\/p>\n","protected":false},"author":3,"featured_media":3090,"comment_status":"open","ping_status":"open","sticky":false,"template":"","format":"standard","meta":{"footnotes":""},"categories":[10],"tags":[54,64,55,184],"class_list":["post-3089","post","type-post","status-publish","format-standard","has-post-thumbnail","hentry","category-noticias","tag-masnoticiastv","tag-noticia","tag-panama","tag-universidad-de-panama"],"_links":{"self":[{"href":"https:\/\/masnoticiastv.com\/noticias\/wp-json\/wp\/v2\/posts\/3089","targetHints":{"allow":["GET"]}}],"collection":[{"href":"https:\/\/masnoticiastv.com\/noticias\/wp-json\/wp\/v2\/posts"}],"about":[{"href":"https:\/\/masnoticiastv.com\/noticias\/wp-json\/wp\/v2\/types\/post"}],"author":[{"embeddable":true,"href":"https:\/\/masnoticiastv.com\/noticias\/wp-json\/wp\/v2\/users\/3"}],"replies":[{"embeddable":true,"href":"https:\/\/masnoticiastv.com\/noticias\/wp-json\/wp\/v2\/comments?post=3089"}],"version-history":[{"count":1,"href":"https:\/\/masnoticiastv.com\/noticias\/wp-json\/wp\/v2\/posts\/3089\/revisions"}],"predecessor-version":[{"id":3092,"href":"https:\/\/masnoticiastv.com\/noticias\/wp-json\/wp\/v2\/posts\/3089\/revisions\/3092"}],"wp:featuredmedia":[{"embeddable":true,"href":"https:\/\/masnoticiastv.com\/noticias\/wp-json\/wp\/v2\/media\/3090"}],"wp:attachment":[{"href":"https:\/\/masnoticiastv.com\/noticias\/wp-json\/wp\/v2\/media?parent=3089"}],"wp:term":[{"taxonomy":"category","embeddable":true,"href":"https:\/\/masnoticiastv.com\/noticias\/wp-json\/wp\/v2\/categories?post=3089"},{"taxonomy":"post_tag","embeddable":true,"href":"https:\/\/masnoticiastv.com\/noticias\/wp-json\/wp\/v2\/tags?post=3089"}],"curies":[{"name":"wp","href":"https:\/\/api.w.org\/{rel}","templated":true}]}}