{"id":3102,"date":"2025-05-22T23:14:21","date_gmt":"2025-05-23T04:14:21","guid":{"rendered":"https:\/\/masnoticiastv.com\/noticias\/?p=3102"},"modified":"2025-05-22T23:33:51","modified_gmt":"2025-05-23T04:33:51","slug":"karol-g-enciende-la-red-con-el-impactante-video-de-latina-foreva","status":"publish","type":"post","link":"https:\/\/masnoticiastv.com\/noticias\/karol-g-enciende-la-red-con-el-impactante-video-de-latina-foreva\/","title":{"rendered":"Karol G Enciende la Red con el Impactante Video de \u00abLatina Foreva"},"content":{"rendered":"\n<p>La superestrella global Karol G ha vuelto a paralizar el mundo de la m\u00fasica hoy, 22 de mayo de 2025, con el lanzamiento oficial del videoclip de su flamante sencillo \u00abLatina Foreva\u00bb. El esperado visual ha sido recibido con una euforia masiva, confirmando el reinado indiscutible de \u00abLa Bichota\u00bb en la escena musical latina y global.<br>Desde el anuncio de la canci\u00f3n, las redes sociales explotaron con anticipaci\u00f3n, y el video no ha defraudado., \u00abLatina Foreva\u00bb es una explosi\u00f3n de color, confianza y poder femenino que encapsula a la perfecci\u00f3n la esencia de Karol G. Las primeras horas de su lanzamiento ya lo posicionan como una tendencia global, acumulando millones de reproducciones y miles de comentarios que alaban su est\u00e9tica, coreograf\u00edas y el mensaje empoderador que transmite.<\/p>\n\n\n\n<figure class=\"wp-block-gallery has-nested-images columns-default is-cropped wp-block-gallery-1 is-layout-flex wp-block-gallery-is-layout-flex\">\n<figure class=\"wp-block-image size-large\"><a href=\"https:\/\/masnoticiastv.com\/noticias\/wp-content\/uploads\/2025\/05\/1001125835-scaled.jpg\"><img fetchpriority=\"high\" decoding=\"async\" width=\"1024\" height=\"754\" data-id=\"3106\" src=\"https:\/\/masnoticiastv.com\/noticias\/wp-content\/uploads\/2025\/05\/1001125835-1024x754.jpg\" alt=\"\" class=\"wp-image-3106\" srcset=\"https:\/\/masnoticiastv.com\/noticias\/wp-content\/uploads\/2025\/05\/1001125835-1024x754.jpg 1024w, https:\/\/masnoticiastv.com\/noticias\/wp-content\/uploads\/2025\/05\/1001125835-300x221.jpg 300w, https:\/\/masnoticiastv.com\/noticias\/wp-content\/uploads\/2025\/05\/1001125835-768x565.jpg 768w, https:\/\/masnoticiastv.com\/noticias\/wp-content\/uploads\/2025\/05\/1001125835-1536x1131.jpg 1536w, https:\/\/masnoticiastv.com\/noticias\/wp-content\/uploads\/2025\/05\/1001125835-2048x1507.jpg 2048w, https:\/\/masnoticiastv.com\/noticias\/wp-content\/uploads\/2025\/05\/1001125835-600x442.jpg 600w\" sizes=\"(max-width: 1024px) 100vw, 1024px\" \/><\/a><\/figure>\n\n\n\n<figure class=\"wp-block-image size-large\"><a href=\"https:\/\/masnoticiastv.com\/noticias\/wp-content\/uploads\/2025\/05\/1001125836.jpg\"><img decoding=\"async\" width=\"820\" height=\"1024\" data-id=\"3105\" src=\"https:\/\/masnoticiastv.com\/noticias\/wp-content\/uploads\/2025\/05\/1001125836-820x1024.jpg\" alt=\"\" class=\"wp-image-3105\" srcset=\"https:\/\/masnoticiastv.com\/noticias\/wp-content\/uploads\/2025\/05\/1001125836-820x1024.jpg 820w, https:\/\/masnoticiastv.com\/noticias\/wp-content\/uploads\/2025\/05\/1001125836-240x300.jpg 240w, https:\/\/masnoticiastv.com\/noticias\/wp-content\/uploads\/2025\/05\/1001125836-768x960.jpg 768w, https:\/\/masnoticiastv.com\/noticias\/wp-content\/uploads\/2025\/05\/1001125836-600x750.jpg 600w, https:\/\/masnoticiastv.com\/noticias\/wp-content\/uploads\/2025\/05\/1001125836.jpg 922w\" sizes=\"(max-width: 820px) 100vw, 820px\" \/><\/a><\/figure>\n<\/figure>\n\n\n\n<p>El videoclip de \u00abLatina Foreva\u00bb es una declaraci\u00f3n visual. Muestra a una Karol G m\u00e1s segura y radiante que nunca, rodeada de un elenco diverso que celebra la belleza y la fuerza de la mujer latina en todas sus facetas. Desde paisajes vibrantes que evocan la cultura latina hasta secuencias de baile que invitan a la libertad, cada fotograma est\u00e1 dise\u00f1ado para resonar con su audiencia. Los atuendos, la iluminaci\u00f3n y la narrativa visual trabajan en conjunto para crear una experiencia inmersiva que va m\u00e1s all\u00e1 de un simple acompa\u00f1amiento musical.<\/p>\n\n\n\n<figure class=\"wp-block-embed is-type-video is-provider-youtube wp-block-embed-youtube wp-embed-aspect-16-9 wp-has-aspect-ratio\"><div class=\"wp-block-embed__wrapper\">\n<iframe title=\"KAROL G - LATINA FOREVA (Official Video)\" width=\"640\" height=\"360\" src=\"https:\/\/www.youtube.com\/embed\/BgMU9Vuj17Y?feature=oembed\" frameborder=\"0\" allow=\"accelerometer; autoplay; clipboard-write; encrypted-media; gyroscope; picture-in-picture; web-share\" referrerpolicy=\"strict-origin-when-cross-origin\" allowfullscreen><\/iframe>\n<\/div><\/figure>\n\n\n\n<p>\u00abLatina Foreva\u00bb no es solo una canci\u00f3n; es un himno. Y el video musical eleva este himno a nuevas alturas, convirti\u00e9ndose en una celebraci\u00f3n visual de la identidad latina y el esp\u00edritu indomable de la mujer. Con este lanzamiento, Karol G no solo nos regala un nuevo \u00e9xito para las listas de popularidad, sino que tambi\u00e9n refuerza su posici\u00f3n como un \u00edcono cultural que inspira y representa a millones de personas en todo el mundo.<br>Los cr\u00edticos ya est\u00e1n prediciendo que \u00abLatina Foreva\u00bb ser\u00e1 uno de los videos m\u00e1s influyentes del a\u00f1o, y los fan\u00e1ticos no pueden contener su emoci\u00f3n. La era musical de Karol G para el 2025 ha comenzado con un estruendo, y si este video es un indicio, nos espera un a\u00f1o lleno de \u00e9xitos y empoderamiento de la mano de \u00abLa Bichota\u00bb.<\/p>\n","protected":false},"excerpt":{"rendered":"<p>La superestrella global Karol G ha vuelto a paralizar el mundo de la m\u00fasica hoy, 22 de mayo de 2025, con el lanzamiento oficial del videoclip de su flamante sencillo \u00abLatina Foreva\u00bb. El esperado visual ha sido recibido con una euforia masiva, confirmando el reinado indiscutible de \u00abLa Bichota\u00bb en la escena musical latina y [&hellip;]<\/p>\n","protected":false},"author":3,"featured_media":3104,"comment_status":"open","ping_status":"open","sticky":false,"template":"","format":"standard","meta":{"footnotes":""},"categories":[11],"tags":[187,54,52,64,55],"class_list":["post-3102","post","type-post","status-publish","format-standard","has-post-thumbnail","hentry","category-farandula","tag-karol-g","tag-masnoticiastv","tag-musica","tag-noticia","tag-panama"],"_links":{"self":[{"href":"https:\/\/masnoticiastv.com\/noticias\/wp-json\/wp\/v2\/posts\/3102","targetHints":{"allow":["GET"]}}],"collection":[{"href":"https:\/\/masnoticiastv.com\/noticias\/wp-json\/wp\/v2\/posts"}],"about":[{"href":"https:\/\/masnoticiastv.com\/noticias\/wp-json\/wp\/v2\/types\/post"}],"author":[{"embeddable":true,"href":"https:\/\/masnoticiastv.com\/noticias\/wp-json\/wp\/v2\/users\/3"}],"replies":[{"embeddable":true,"href":"https:\/\/masnoticiastv.com\/noticias\/wp-json\/wp\/v2\/comments?post=3102"}],"version-history":[{"count":2,"href":"https:\/\/masnoticiastv.com\/noticias\/wp-json\/wp\/v2\/posts\/3102\/revisions"}],"predecessor-version":[{"id":3108,"href":"https:\/\/masnoticiastv.com\/noticias\/wp-json\/wp\/v2\/posts\/3102\/revisions\/3108"}],"wp:featuredmedia":[{"embeddable":true,"href":"https:\/\/masnoticiastv.com\/noticias\/wp-json\/wp\/v2\/media\/3104"}],"wp:attachment":[{"href":"https:\/\/masnoticiastv.com\/noticias\/wp-json\/wp\/v2\/media?parent=3102"}],"wp:term":[{"taxonomy":"category","embeddable":true,"href":"https:\/\/masnoticiastv.com\/noticias\/wp-json\/wp\/v2\/categories?post=3102"},{"taxonomy":"post_tag","embeddable":true,"href":"https:\/\/masnoticiastv.com\/noticias\/wp-json\/wp\/v2\/tags?post=3102"}],"curies":[{"name":"wp","href":"https:\/\/api.w.org\/{rel}","templated":true}]}}