{"id":3115,"date":"2025-05-28T17:17:00","date_gmt":"2025-05-28T22:17:00","guid":{"rendered":"https:\/\/masnoticiastv.com\/noticias\/?p=3115"},"modified":"2025-05-29T12:30:54","modified_gmt":"2025-05-29T17:30:54","slug":"umip-reitera-su-compromiso-cultural-y-educativo-ante-la-conferencia-de-las-naciones-unidas-sobre-los-oceanos","status":"publish","type":"post","link":"https:\/\/masnoticiastv.com\/noticias\/umip-reitera-su-compromiso-cultural-y-educativo-ante-la-conferencia-de-las-naciones-unidas-sobre-los-oceanos\/","title":{"rendered":"UMIP reitera su compromiso cultural y educativo ante la Conferencia de las Naciones Unidas sobre los Oc\u00e9anos"},"content":{"rendered":"\n<p>En el marco de los preparativos de la tercera Conferencia de las Naciones Unidas sobre el Oc\u00e9ano-UNOC3, la Universidad Mar\u00edtima Internacional de Panam\u00e1 (UMIP), la Embajada de Francia en Panam\u00e1 y la Alianza francesa de Panam\u00e1 se reunieron para fortalecer el compromiso cultural y educativo con el medio ambiente.<\/p>\n\n\n\n<p>Este espacio de di\u00e1logo fue vital para reunir a autoridades diplom\u00e1ticas, representantes de instituciones acad\u00e9micas, docentes, estudiantes y miembros de la comunidad internacional comprometidos con el cuidado de los oc\u00e9anos.<\/p>\n\n\n\n<p>A su vez, el encuentro fue propicio para resaltar el compromiso acad\u00e9mico y cient\u00edfico de la UMIP con los desaf\u00edos mar\u00edtimos del presente y del futuro.<\/p>\n\n\n\n<p>En tal sentido, el rector encargado de la UMIP, profesor Roberto Aparicio, destac\u00f3 el compromiso de esta casa de estudios en impulsar alianzas eficaces que fomenten la r\u00e1pida implementaci\u00f3n de procesos que contribuyan a la conservaci\u00f3n y el uso sostenible del oc\u00e9ano.<\/p>\n\n\n\n<figure class=\"wp-block-gallery has-nested-images columns-default is-cropped wp-block-gallery-1 is-layout-flex wp-block-gallery-is-layout-flex\">\n<figure class=\"wp-block-image size-large\"><a href=\"https:\/\/masnoticiastv.com\/noticias\/wp-content\/uploads\/2025\/05\/1001139739.jpg\"><img fetchpriority=\"high\" decoding=\"async\" width=\"1024\" height=\"683\" data-id=\"3116\" src=\"https:\/\/masnoticiastv.com\/noticias\/wp-content\/uploads\/2025\/05\/1001139739-1024x683.jpg\" alt=\"\" class=\"wp-image-3116\" srcset=\"https:\/\/masnoticiastv.com\/noticias\/wp-content\/uploads\/2025\/05\/1001139739-1024x683.jpg 1024w, https:\/\/masnoticiastv.com\/noticias\/wp-content\/uploads\/2025\/05\/1001139739-300x200.jpg 300w, https:\/\/masnoticiastv.com\/noticias\/wp-content\/uploads\/2025\/05\/1001139739-768x512.jpg 768w, https:\/\/masnoticiastv.com\/noticias\/wp-content\/uploads\/2025\/05\/1001139739-1536x1024.jpg 1536w, https:\/\/masnoticiastv.com\/noticias\/wp-content\/uploads\/2025\/05\/1001139739-600x400.jpg 600w, https:\/\/masnoticiastv.com\/noticias\/wp-content\/uploads\/2025\/05\/1001139739.jpg 1599w\" sizes=\"(max-width: 1024px) 100vw, 1024px\" \/><\/a><\/figure>\n\n\n\n<figure class=\"wp-block-image size-large\"><a href=\"https:\/\/masnoticiastv.com\/noticias\/wp-content\/uploads\/2025\/05\/1001139740.jpg\"><img decoding=\"async\" width=\"1024\" height=\"683\" data-id=\"3117\" src=\"https:\/\/masnoticiastv.com\/noticias\/wp-content\/uploads\/2025\/05\/1001139740-1024x683.jpg\" alt=\"\" class=\"wp-image-3117\" srcset=\"https:\/\/masnoticiastv.com\/noticias\/wp-content\/uploads\/2025\/05\/1001139740-1024x683.jpg 1024w, https:\/\/masnoticiastv.com\/noticias\/wp-content\/uploads\/2025\/05\/1001139740-300x200.jpg 300w, https:\/\/masnoticiastv.com\/noticias\/wp-content\/uploads\/2025\/05\/1001139740-768x512.jpg 768w, https:\/\/masnoticiastv.com\/noticias\/wp-content\/uploads\/2025\/05\/1001139740-1536x1024.jpg 1536w, https:\/\/masnoticiastv.com\/noticias\/wp-content\/uploads\/2025\/05\/1001139740-600x400.jpg 600w, https:\/\/masnoticiastv.com\/noticias\/wp-content\/uploads\/2025\/05\/1001139740.jpg 1599w\" sizes=\"(max-width: 1024px) 100vw, 1024px\" \/><\/a><\/figure>\n<\/figure>\n\n\n\n<p>El profesor Aparicio destac\u00f3 la importancia para \u201cla universidad de apostar por iniciativas como estas e incentivar a nuestros estudiantes\u201d.<\/p>\n\n\n\n<p>Mientras que, la Embajadora de Francia en Panam\u00e1, su excelencia Aude de Amorim, se refiri\u00f3 al desarrollo de la conferencia UNOC3.<\/p>\n\n\n\n<p>Durante su discurso, detall\u00f3 que se trata de un evento organizado por Francia y Costa Rica, que se celebrar\u00e1 en Niza, Francia, del 9 al 13 de junio de 2025 y tiene como objetivo acelerar la acci\u00f3n y movilizar a todos los actores para conservar y utilizar sosteniblemente el oc\u00e9ano.&nbsp;<\/p>\n\n\n\n<p>\u201cEs mucho m\u00e1s que una cumbre. Los oc\u00e9anos regulan el clima, albergan una biodiversidad excepcional, alimentan a millones de personas y sostienen nuestras econom\u00edas, especialmente, aqu\u00ed en Panam\u00e1, clave en el tr\u00e1nsito mar\u00edtimo. Pero tambi\u00e9n est\u00e1n amenazados, la contaminaci\u00f3n, la sobrepesca, el aumento del nivel del mar, lo sabemos bien es hora de actuar\u201d, puntualiz\u00f3 la diplom\u00e1tica.<\/p>\n\n\n\n<p>El evento tambi\u00e9n sirvi\u00f3 como plataforma para promover oportunidades acad\u00e9micas en Francia. Sandrine-Pia Casto, presidenta de la Alianza Francesa de Panam\u00e1 indic\u00f3 que \u201cla Alianza Francesa es un lugar donde se ense\u00f1a el idioma franc\u00e9s. En esta ocasi\u00f3n van a estar invitados a aplicar para una beca en el idioma franc\u00e9s. La Alianza Francesa es el \u00fanico lugar autorizado en Panam\u00e1 a dar certificaciones oficiales\u201d.<\/p>\n\n\n\n<p>Al respecto, Val\u00e9ri Frassati, representante del Campus France en Panam\u00e1 present\u00f3 los programas de estudios disponibles en Francia, beneficios y oportunidades para los estudiantes y cadetes interesados en continuar sus estudios en instituciones francesas.<\/p>\n\n\n\n<p>La jornada concluy\u00f3 con una presentaci\u00f3n cient\u00edfica a cargo de la docente investigadora Karly Urriola, quien comparti\u00f3 los hallazgos del estudio&nbsp;<em>\u00abDefiniendo unidades de manejo de cet\u00e1ceos odontocetos costeros en la porci\u00f3n litoral del Pac\u00edfico de Panam\u00e1\u00bb<\/em>, subrayando la relevancia del conocimiento cient\u00edfico para la protecci\u00f3n marina.<\/p>\n","protected":false},"excerpt":{"rendered":"<p>En el marco de los preparativos de la tercera Conferencia de las Naciones Unidas sobre el Oc\u00e9ano-UNOC3, la Universidad Mar\u00edtima Internacional de Panam\u00e1 (UMIP), la Embajada de Francia en Panam\u00e1 y la Alianza francesa de Panam\u00e1 se reunieron para fortalecer el compromiso cultural y educativo con el medio ambiente. Este espacio de di\u00e1logo fue vital [&hellip;]<\/p>\n","protected":false},"author":3,"featured_media":3118,"comment_status":"open","ping_status":"open","sticky":false,"template":"","format":"standard","meta":{"footnotes":""},"categories":[10],"tags":[54,64,55,128],"class_list":["post-3115","post","type-post","status-publish","format-standard","has-post-thumbnail","hentry","category-noticias","tag-masnoticiastv","tag-noticia","tag-panama","tag-umip"],"_links":{"self":[{"href":"https:\/\/masnoticiastv.com\/noticias\/wp-json\/wp\/v2\/posts\/3115","targetHints":{"allow":["GET"]}}],"collection":[{"href":"https:\/\/masnoticiastv.com\/noticias\/wp-json\/wp\/v2\/posts"}],"about":[{"href":"https:\/\/masnoticiastv.com\/noticias\/wp-json\/wp\/v2\/types\/post"}],"author":[{"embeddable":true,"href":"https:\/\/masnoticiastv.com\/noticias\/wp-json\/wp\/v2\/users\/3"}],"replies":[{"embeddable":true,"href":"https:\/\/masnoticiastv.com\/noticias\/wp-json\/wp\/v2\/comments?post=3115"}],"version-history":[{"count":1,"href":"https:\/\/masnoticiastv.com\/noticias\/wp-json\/wp\/v2\/posts\/3115\/revisions"}],"predecessor-version":[{"id":3119,"href":"https:\/\/masnoticiastv.com\/noticias\/wp-json\/wp\/v2\/posts\/3115\/revisions\/3119"}],"wp:featuredmedia":[{"embeddable":true,"href":"https:\/\/masnoticiastv.com\/noticias\/wp-json\/wp\/v2\/media\/3118"}],"wp:attachment":[{"href":"https:\/\/masnoticiastv.com\/noticias\/wp-json\/wp\/v2\/media?parent=3115"}],"wp:term":[{"taxonomy":"category","embeddable":true,"href":"https:\/\/masnoticiastv.com\/noticias\/wp-json\/wp\/v2\/categories?post=3115"},{"taxonomy":"post_tag","embeddable":true,"href":"https:\/\/masnoticiastv.com\/noticias\/wp-json\/wp\/v2\/tags?post=3115"}],"curies":[{"name":"wp","href":"https:\/\/api.w.org\/{rel}","templated":true}]}}