{"id":3430,"date":"2025-11-05T06:56:00","date_gmt":"2025-11-05T11:56:00","guid":{"rendered":"https:\/\/masnoticiastv.com\/noticias\/?p=3430"},"modified":"2025-11-05T05:49:54","modified_gmt":"2025-11-05T10:49:54","slug":"fazenda-bertussi-tradicion-musica-y-raices-vivas-del-sur-de-brasil","status":"publish","type":"post","link":"https:\/\/masnoticiastv.com\/noticias\/fazenda-bertussi-tradicion-musica-y-raices-vivas-del-sur-de-brasil\/","title":{"rendered":"Fazenda Bertussi: tradici\u00f3n, m\u00fasica y ra\u00edces vivas del sur de Brasil"},"content":{"rendered":"\n<p>En lo alto de las verdes colinas de <strong>Vacaria, Rio Grande do Sul<\/strong>, la <strong>Fazenda Bertussi<\/strong> conserva intacto el esp\u00edritu de los primeros colonos italianos que forjaron la identidad cultural del sur de Brasil. Esta casa de madera color terracota, con detalles blancos y ventanales adornados, no es solo una reliquia arquitect\u00f3nica: es un santuario de historia viva.<\/p>\n\n\n\n<p>Durante la visita, los asistentes fueron recibidos por un m\u00fasico local vestido con atuendo tradicional ga\u00facho, quien interpret\u00f3 melod\u00edas con acorde\u00f3n desde el umbral de la casa, evocando la nostalgia de una \u00e9poca en la que la m\u00fasica campesina era el alma de la comunidad.<\/p>\n\n\n\n<figure class=\"wp-block-gallery has-nested-images columns-default is-cropped wp-block-gallery-1 is-layout-flex wp-block-gallery-is-layout-flex\">\n\n\n\n\n\n\n\n<\/figure>\n\n\n\n<p>El encuentro, lleno de sonrisas, fotograf\u00edas y curiosidad, permiti\u00f3 a los visitantes conocer m\u00e1s sobre la <strong>familia Bertussi<\/strong>, reconocida por su legado art\u00edstico y su aporte a la preservaci\u00f3n del folclore regional.<\/p>\n\n\n\n<p>La <strong>Fazenda Bertussi<\/strong> no solo representa una parada tur\u00edstica; es un viaje en el tiempo, un testimonio de c\u00f3mo la cultura se mantiene viva entre madera, melod\u00edas y tradiciones que siguen resonando en el coraz\u00f3n de la Sierra Ga\u00facha.<\/p>\n\n\n\n<p>&#x1f4cd; <em>Vacaria, Rio Grande do Sul \u2013 Brasil<\/em><br>&#x2728; <em>Donde la historia se canta con acorde\u00f3n y se respira en cada rinc\u00f3n.<\/em><\/p>\n","protected":false},"excerpt":{"rendered":"<p>En lo alto de las verdes colinas de Vacaria, Rio Grande do Sul, la Fazenda Bertussi conserva intacto el esp\u00edritu de los primeros colonos italianos que forjaron la identidad cultural del sur de Brasil. Esta casa de madera color terracota, con detalles blancos y ventanales adornados, no es solo una reliquia arquitect\u00f3nica: es un santuario [&hellip;]<\/p>\n","protected":false},"author":3,"featured_media":3431,"comment_status":"open","ping_status":"open","sticky":false,"template":"","format":"standard","meta":{"footnotes":""},"categories":[10,190],"tags":[],"class_list":["post-3430","post","type-post","status-publish","format-standard","has-post-thumbnail","hentry","category-noticias","category-turismo"],"_links":{"self":[{"href":"https:\/\/masnoticiastv.com\/noticias\/wp-json\/wp\/v2\/posts\/3430","targetHints":{"allow":["GET"]}}],"collection":[{"href":"https:\/\/masnoticiastv.com\/noticias\/wp-json\/wp\/v2\/posts"}],"about":[{"href":"https:\/\/masnoticiastv.com\/noticias\/wp-json\/wp\/v2\/types\/post"}],"author":[{"embeddable":true,"href":"https:\/\/masnoticiastv.com\/noticias\/wp-json\/wp\/v2\/users\/3"}],"replies":[{"embeddable":true,"href":"https:\/\/masnoticiastv.com\/noticias\/wp-json\/wp\/v2\/comments?post=3430"}],"version-history":[{"count":1,"href":"https:\/\/masnoticiastv.com\/noticias\/wp-json\/wp\/v2\/posts\/3430\/revisions"}],"predecessor-version":[{"id":3432,"href":"https:\/\/masnoticiastv.com\/noticias\/wp-json\/wp\/v2\/posts\/3430\/revisions\/3432"}],"wp:featuredmedia":[{"embeddable":true,"href":"https:\/\/masnoticiastv.com\/noticias\/wp-json\/wp\/v2\/media\/3431"}],"wp:attachment":[{"href":"https:\/\/masnoticiastv.com\/noticias\/wp-json\/wp\/v2\/media?parent=3430"}],"wp:term":[{"taxonomy":"category","embeddable":true,"href":"https:\/\/masnoticiastv.com\/noticias\/wp-json\/wp\/v2\/categories?post=3430"},{"taxonomy":"post_tag","embeddable":true,"href":"https:\/\/masnoticiastv.com\/noticias\/wp-json\/wp\/v2\/tags?post=3430"}],"curies":[{"name":"wp","href":"https:\/\/api.w.org\/{rel}","templated":true}]}}