{"id":3452,"date":"2025-09-26T15:44:00","date_gmt":"2025-09-26T20:44:00","guid":{"rendered":"https:\/\/masnoticiastv.com\/noticias\/?p=3452"},"modified":"2025-11-21T10:47:25","modified_gmt":"2025-11-21T15:47:25","slug":"mitradel-impulsa-orientacion-vocacional-para-mas-de-200-estudiantes-en-ocu","status":"publish","type":"post","link":"https:\/\/masnoticiastv.com\/noticias\/mitradel-impulsa-orientacion-vocacional-para-mas-de-200-estudiantes-en-ocu\/","title":{"rendered":"Mitradel impulsa orientaci\u00f3n vocacional para m\u00e1s de 200 estudiantes en Oc\u00fa"},"content":{"rendered":"\n<p>El Ministerio de Trabajo y Desarrollo Laboral (Mitradel) llev\u00f3 su Programa de Orientaci\u00f3n Vocacional y Empleo (POVE) al Colegio Rafael Quintero Villarreal, en Oc\u00fa, donde 212 estudiantes de los bachilleres de Ciencias, Comercio, Turismo y Tecnolog\u00eda Inform\u00e1tica participaron en una jornada enfocada en preparar su ruta hacia el mercado laboral.<\/p>\n\n\n\n<p>La directora nacional de Empleo, Karlina Juliao, en representaci\u00f3n de la ministra Jackeline Mu\u00f1oz de Cede\u00f1o, destac\u00f3 la importancia de que los j\u00f3venes fortalezcan sus habilidades blandas y se ajusten a las nuevas exigencias del entorno laboral. Agradeci\u00f3 adem\u00e1s la apertura de la comunidad educativa y motiv\u00f3 a los graduandos a construir un futuro profesional s\u00f3lido.<\/p>\n\n\n\n<p>Por su parte, la directora regional de Mitradel en Herrera, Clarivel Garc\u00eda, record\u00f3 que la instituci\u00f3n mantiene a disposici\u00f3n de la juventud diversos programas que facilitan la inserci\u00f3n laboral, subrayando el compromiso de acompa\u00f1ar a los estudiantes en esta transici\u00f3n.<\/p>\n\n\n\n<p>Durante dos d\u00edas, las actividades del POVE alcanzaron a m\u00e1s de 600 estudiantes de distintos centros educativos de la provincia. Los participantes recibieron orientaci\u00f3n pr\u00e1ctica sobre c\u00f3mo afrontar entrevistas de trabajo, las tendencias del mercado laboral paname\u00f1o y la importancia del desarrollo personal como pilar para el crecimiento profesional.<\/p>\n\n\n\n<p>La iniciativa forma parte de la visi\u00f3n del presidente Jos\u00e9 Ra\u00fal Mulino, enfocada en promover oportunidades reales para que la nueva generaci\u00f3n de profesionales acceda a un mercado laboral m\u00e1s inclusivo, competitivo y alineado con las demandas del pa\u00eds en constante transformaci\u00f3n.<\/p>\n","protected":false},"excerpt":{"rendered":"<p>El Ministerio de Trabajo y Desarrollo Laboral (Mitradel) llev\u00f3 su Programa de Orientaci\u00f3n Vocacional y Empleo (POVE) al Colegio Rafael Quintero Villarreal, en Oc\u00fa, donde 212 estudiantes de los bachilleres de Ciencias, Comercio, Turismo y Tecnolog\u00eda Inform\u00e1tica participaron en una jornada enfocada en preparar su ruta hacia el mercado laboral. La directora nacional de Empleo, [&hellip;]<\/p>\n","protected":false},"author":3,"featured_media":3453,"comment_status":"open","ping_status":"open","sticky":false,"template":"","format":"standard","meta":{"footnotes":""},"categories":[10],"tags":[54,223,64,55],"class_list":["post-3452","post","type-post","status-publish","format-standard","has-post-thumbnail","hentry","category-noticias","tag-masnoticiastv","tag-mitradel","tag-noticia","tag-panama"],"_links":{"self":[{"href":"https:\/\/masnoticiastv.com\/noticias\/wp-json\/wp\/v2\/posts\/3452","targetHints":{"allow":["GET"]}}],"collection":[{"href":"https:\/\/masnoticiastv.com\/noticias\/wp-json\/wp\/v2\/posts"}],"about":[{"href":"https:\/\/masnoticiastv.com\/noticias\/wp-json\/wp\/v2\/types\/post"}],"author":[{"embeddable":true,"href":"https:\/\/masnoticiastv.com\/noticias\/wp-json\/wp\/v2\/users\/3"}],"replies":[{"embeddable":true,"href":"https:\/\/masnoticiastv.com\/noticias\/wp-json\/wp\/v2\/comments?post=3452"}],"version-history":[{"count":1,"href":"https:\/\/masnoticiastv.com\/noticias\/wp-json\/wp\/v2\/posts\/3452\/revisions"}],"predecessor-version":[{"id":3454,"href":"https:\/\/masnoticiastv.com\/noticias\/wp-json\/wp\/v2\/posts\/3452\/revisions\/3454"}],"wp:featuredmedia":[{"embeddable":true,"href":"https:\/\/masnoticiastv.com\/noticias\/wp-json\/wp\/v2\/media\/3453"}],"wp:attachment":[{"href":"https:\/\/masnoticiastv.com\/noticias\/wp-json\/wp\/v2\/media?parent=3452"}],"wp:term":[{"taxonomy":"category","embeddable":true,"href":"https:\/\/masnoticiastv.com\/noticias\/wp-json\/wp\/v2\/categories?post=3452"},{"taxonomy":"post_tag","embeddable":true,"href":"https:\/\/masnoticiastv.com\/noticias\/wp-json\/wp\/v2\/tags?post=3452"}],"curies":[{"name":"wp","href":"https:\/\/api.w.org\/{rel}","templated":true}]}}