{"id":3625,"date":"2026-03-04T14:45:53","date_gmt":"2026-03-04T19:45:53","guid":{"rendered":"https:\/\/masnoticiastv.com\/noticias\/?p=3625"},"modified":"2026-03-04T14:49:01","modified_gmt":"2026-03-04T19:49:01","slug":"3625-2","status":"publish","type":"post","link":"https:\/\/masnoticiastv.com\/noticias\/3625-2\/","title":{"rendered":"La violencia volvi\u00f3 a tocar la puerta de la comunidad educativa en la provincia de Col\u00f3n ."},"content":{"rendered":"\n<p><\/p>\n\n\n\n<p>Un estudiante result\u00f3 herido de bala la ma\u00f1ana de este martes frente a la escuela rep\u00fablica de Sud\u00e1frica , en un hecho que ha generado preocupaci\u00f3n entre padres de familia, docentes y residentes del \u00e1rea.<\/p>\n\n\n\n<p>De acuerdo con los primeros informes, el menor fue impactado por un disparo en circunstancias que a\u00fan est\u00e1n bajo investigaci\u00f3n. El incidente ocurri\u00f3 en las inmediaciones del plantel, justo en horario de entrada, lo que provoc\u00f3 momentos de tensi\u00f3n y alarma entre estudiantes y acudientes.<\/p>\n\n\n\n<p>El joven fue trasladado de urgencia a un centro m\u00e9dico cercano, donde recibe atenci\u00f3n especializada. Hasta el momento, las autoridades no han confirmado su condici\u00f3n de salud ni han detallado si el ataque iba dirigido espec\u00edficamente contra \u00e9l o si se trat\u00f3 de un hecho aislado vinculado a terceros.<\/p>\n\n\n\n<p>Unidades de la Polic\u00eda Nacional acordonaron la zona para recabar evidencias y dar con los responsables. El Ministerio de Educaci\u00f3n tambi\u00e9n se pronunci\u00f3 de manera preliminar, se\u00f1alando que colaborar\u00e1 con las investigaciones y reforzar\u00e1 las medidas de seguridad en el plantel.<\/p>\n\n\n\n<p>Moradores del sector expresaron su preocupaci\u00f3n por el aumento de hechos violentos en \u00e1reas cercanas a centros educativos, insistiendo en la necesidad de mayor presencia policial y estrategias preventivas que protejan a los estudiantes.<\/p>\n\n\n\n<p>El caso se mantiene en desarrollo y se espera que en las pr\u00f3ximas horas las autoridades ampl\u00eden la informaci\u00f3n oficial.<\/p>\n","protected":false},"excerpt":{"rendered":"<p>Un estudiante result\u00f3 herido de bala la ma\u00f1ana de este martes frente a la escuela rep\u00fablica de Sud\u00e1frica , en un hecho que ha generado preocupaci\u00f3n entre padres de familia, docentes y residentes del \u00e1rea. De acuerdo con los primeros informes, el menor fue impactado por un disparo en circunstancias que a\u00fan est\u00e1n bajo investigaci\u00f3n. [&hellip;]<\/p>\n","protected":false},"author":3,"featured_media":3626,"comment_status":"open","ping_status":"open","sticky":false,"template":"","format":"standard","meta":{"footnotes":""},"categories":[10],"tags":[229,230,54,64,55],"class_list":["post-3625","post","type-post","status-publish","format-standard","has-post-thumbnail","hentry","category-noticias","tag-colon","tag-echo-policial","tag-masnoticiastv","tag-noticia","tag-panama"],"_links":{"self":[{"href":"https:\/\/masnoticiastv.com\/noticias\/wp-json\/wp\/v2\/posts\/3625","targetHints":{"allow":["GET"]}}],"collection":[{"href":"https:\/\/masnoticiastv.com\/noticias\/wp-json\/wp\/v2\/posts"}],"about":[{"href":"https:\/\/masnoticiastv.com\/noticias\/wp-json\/wp\/v2\/types\/post"}],"author":[{"embeddable":true,"href":"https:\/\/masnoticiastv.com\/noticias\/wp-json\/wp\/v2\/users\/3"}],"replies":[{"embeddable":true,"href":"https:\/\/masnoticiastv.com\/noticias\/wp-json\/wp\/v2\/comments?post=3625"}],"version-history":[{"count":2,"href":"https:\/\/masnoticiastv.com\/noticias\/wp-json\/wp\/v2\/posts\/3625\/revisions"}],"predecessor-version":[{"id":3628,"href":"https:\/\/masnoticiastv.com\/noticias\/wp-json\/wp\/v2\/posts\/3625\/revisions\/3628"}],"wp:featuredmedia":[{"embeddable":true,"href":"https:\/\/masnoticiastv.com\/noticias\/wp-json\/wp\/v2\/media\/3626"}],"wp:attachment":[{"href":"https:\/\/masnoticiastv.com\/noticias\/wp-json\/wp\/v2\/media?parent=3625"}],"wp:term":[{"taxonomy":"category","embeddable":true,"href":"https:\/\/masnoticiastv.com\/noticias\/wp-json\/wp\/v2\/categories?post=3625"},{"taxonomy":"post_tag","embeddable":true,"href":"https:\/\/masnoticiastv.com\/noticias\/wp-json\/wp\/v2\/tags?post=3625"}],"curies":[{"name":"wp","href":"https:\/\/api.w.org\/{rel}","templated":true}]}}