{"id":3643,"date":"2026-03-04T12:40:39","date_gmt":"2026-03-04T17:40:39","guid":{"rendered":"https:\/\/masnoticiastv.com\/noticias\/?p=3643"},"modified":"2026-03-04T16:40:53","modified_gmt":"2026-03-04T21:40:53","slug":"periodistas-turisticos-redescubren-el-alma-natural-de-panama-en-el-biomuseo","status":"publish","type":"post","link":"https:\/\/masnoticiastv.com\/noticias\/periodistas-turisticos-redescubren-el-alma-natural-de-panama-en-el-biomuseo\/","title":{"rendered":"Periodistas tur\u00edsticos redescubren el alma natural de Panam\u00e1 en el Biomuseo"},"content":{"rendered":"\n<p>En la entrada de la Calzada de Amador, donde la ciudad le gui\u00f1a el ojo al mar, se levanta una estructura que parece una explosi\u00f3n de colores tropicales. Es el Biomuseo, una obra que no solo impacta por fuera, sino que sacude por dentro.<\/p>\n\n\n\n<p>Un grupo de periodistas tur\u00edsticos realiz\u00f3 una visita especial a este \u00edcono cultural de la capital, confirmando lo que muchos viajeros ya intuyen: aqu\u00ed no se viene solo a mirar vitrinas, se viene a entender por qu\u00e9 Panam\u00e1 es el puente del mundo\u2026 y el coraz\u00f3n de la biodiversidad.<\/p>\n\n\n\n<p>Dise\u00f1ado por el arquitecto canadiense Frank Gehry, el edificio es en s\u00ed mismo una declaraci\u00f3n de identidad. Sus techos irregulares y colores vibrantes rompen con lo convencional, como diciendo: Panam\u00e1 no es discreta, Panam\u00e1 es potencia natural.<\/p>\n\n\n\n<p>Durante el recorrido, los comunicadores exploraron las galer\u00edas permanentes que narran c\u00f3mo el surgimiento del istmo transform\u00f3 la vida en el planeta. Cuando Panam\u00e1 emergi\u00f3 del mar hace millones de a\u00f1os, no solo uni\u00f3 dos continentes; cambi\u00f3 corrientes marinas, alter\u00f3 climas y permiti\u00f3 el intercambio masivo de especies entre Norte y Suram\u00e9rica. Ciencia pura, pero contada con ritmo caribe\u00f1o y tecnolog\u00eda inmersiva.<\/p>\n\n\n\n<p>Las salas interactivas, proyecciones envolventes y espacios sensoriales convierten la experiencia en algo din\u00e1mico, ideal para familias, estudiantes y viajeros curiosos que buscan algo m\u00e1s que una foto bonita para redes. Aqu\u00ed el turismo se conecta con educaci\u00f3n, y esa es una tendencia global que Panam\u00e1 est\u00e1 capitalizando con inteligencia estrat\u00e9gica.<\/p>\n\n\n\n<p>Desde sus terrazas, el visitante obtiene una vista privilegiada del skyline capitalino y la entrada del Canal, recordando que este peque\u00f1o pa\u00eds juega en ligas mayores cuando se trata de historia natural y geopol\u00edtica.<\/p>\n\n\n\n<p>La visita dej\u00f3 claro que el Biomuseo no es un museo est\u00e1tico; es una inversi\u00f3n en narrativa pa\u00eds. En tiempos donde el turista busca experiencias con prop\u00f3sito, este espacio se posiciona como parada obligatoria dentro del circuito cultural de la ciudad.<\/p>\n\n\n\n<p>Porque entender nuestra biodiversidad no es un lujo, es branding nacional. Y Panam\u00e1, cuando apuesta por su riqueza natural, no compite\u2026 lidera.<\/p>\n","protected":false},"excerpt":{"rendered":"<p>En la entrada de la Calzada de Amador, donde la ciudad le gui\u00f1a el ojo al mar, se levanta una estructura que parece una explosi\u00f3n de colores tropicales. Es el Biomuseo, una obra que no solo impacta por fuera, sino que sacude por dentro. Un grupo de periodistas tur\u00edsticos realiz\u00f3 una visita especial a este [&hellip;]<\/p>\n","protected":false},"author":3,"featured_media":3645,"comment_status":"open","ping_status":"open","sticky":false,"template":"","format":"standard","meta":{"footnotes":""},"categories":[10,190],"tags":[],"class_list":["post-3643","post","type-post","status-publish","format-standard","has-post-thumbnail","hentry","category-noticias","category-turismo"],"_links":{"self":[{"href":"https:\/\/masnoticiastv.com\/noticias\/wp-json\/wp\/v2\/posts\/3643","targetHints":{"allow":["GET"]}}],"collection":[{"href":"https:\/\/masnoticiastv.com\/noticias\/wp-json\/wp\/v2\/posts"}],"about":[{"href":"https:\/\/masnoticiastv.com\/noticias\/wp-json\/wp\/v2\/types\/post"}],"author":[{"embeddable":true,"href":"https:\/\/masnoticiastv.com\/noticias\/wp-json\/wp\/v2\/users\/3"}],"replies":[{"embeddable":true,"href":"https:\/\/masnoticiastv.com\/noticias\/wp-json\/wp\/v2\/comments?post=3643"}],"version-history":[{"count":1,"href":"https:\/\/masnoticiastv.com\/noticias\/wp-json\/wp\/v2\/posts\/3643\/revisions"}],"predecessor-version":[{"id":3646,"href":"https:\/\/masnoticiastv.com\/noticias\/wp-json\/wp\/v2\/posts\/3643\/revisions\/3646"}],"wp:featuredmedia":[{"embeddable":true,"href":"https:\/\/masnoticiastv.com\/noticias\/wp-json\/wp\/v2\/media\/3645"}],"wp:attachment":[{"href":"https:\/\/masnoticiastv.com\/noticias\/wp-json\/wp\/v2\/media?parent=3643"}],"wp:term":[{"taxonomy":"category","embeddable":true,"href":"https:\/\/masnoticiastv.com\/noticias\/wp-json\/wp\/v2\/categories?post=3643"},{"taxonomy":"post_tag","embeddable":true,"href":"https:\/\/masnoticiastv.com\/noticias\/wp-json\/wp\/v2\/tags?post=3643"}],"curies":[{"name":"wp","href":"https:\/\/api.w.org\/{rel}","templated":true}]}}