{"id":3669,"date":"2026-03-11T23:06:00","date_gmt":"2026-03-12T04:06:00","guid":{"rendered":"https:\/\/masnoticiastv.com\/noticias\/?p=3669"},"modified":"2026-03-13T11:59:12","modified_gmt":"2026-03-13T16:59:12","slug":"cobre-panama-abre-stand-informativo-en-expocomer-2026-para-explicar-su-operacion-y-promover-empleo","status":"publish","type":"post","link":"https:\/\/masnoticiastv.com\/noticias\/cobre-panama-abre-stand-informativo-en-expocomer-2026-para-explicar-su-operacion-y-promover-empleo\/","title":{"rendered":"Cobre Panam\u00e1 abre stand informativo en EXPOCOMER 2026 para explicar su operaci\u00f3n y promover empleo"},"content":{"rendered":"\n<p>En medio del ruido del debate nacional sobre miner\u00eda, una jugada de comunicaci\u00f3n directa al p\u00fablico apareci\u00f3 en el tablero. La empresa cobre Panam\u00e1 inaugur\u00f3 su stand en la feria expocomer 2026, que se desarrolla en el Panam\u00e1 Convention Center, con el objetivo de explicar de forma abierta c\u00f3mo funcionaba la mina antes del 2023 y qu\u00e9 implicar\u00eda una eventual reactivaci\u00f3n de procesos.<\/p>\n\n\n\n<p>La participaci\u00f3n de la empresa forma parte de la feria comercial multisectorial organizada por la camara de comunicaci\u00f3n , industrias y agricultura de Panam\u00e1 uno de los eventos empresariales m\u00e1s relevantes del pa\u00eds, donde compa\u00f1\u00edas nacionales e internacionales muestran innovaci\u00f3n, comercio y oportunidades de inversi\u00f3n.<\/p>\n\n\n\n<figure class=\"wp-block-gallery has-nested-images columns-default is-cropped wp-block-gallery-1 is-layout-flex wp-block-gallery-is-layout-flex\">\n<figure class=\"wp-block-image size-large\"><a href=\"https:\/\/masnoticiastv.com\/noticias\/wp-content\/uploads\/2026\/03\/1001996424.jpg\"><img fetchpriority=\"high\" decoding=\"async\" width=\"1024\" height=\"683\" data-id=\"3670\" src=\"https:\/\/masnoticiastv.com\/noticias\/wp-content\/uploads\/2026\/03\/1001996424-1024x683.jpg\" alt=\"\" class=\"wp-image-3670\" srcset=\"https:\/\/masnoticiastv.com\/noticias\/wp-content\/uploads\/2026\/03\/1001996424-1024x683.jpg 1024w, https:\/\/masnoticiastv.com\/noticias\/wp-content\/uploads\/2026\/03\/1001996424-300x200.jpg 300w, https:\/\/masnoticiastv.com\/noticias\/wp-content\/uploads\/2026\/03\/1001996424-768x512.jpg 768w, https:\/\/masnoticiastv.com\/noticias\/wp-content\/uploads\/2026\/03\/1001996424-1536x1024.jpg 1536w, https:\/\/masnoticiastv.com\/noticias\/wp-content\/uploads\/2026\/03\/1001996424-600x400.jpg 600w, https:\/\/masnoticiastv.com\/noticias\/wp-content\/uploads\/2026\/03\/1001996424.jpg 1599w\" sizes=\"(max-width: 1024px) 100vw, 1024px\" \/><\/a><\/figure>\n\n\n\n<figure class=\"wp-block-image size-large\"><a href=\"https:\/\/masnoticiastv.com\/noticias\/wp-content\/uploads\/2026\/03\/1001996423.jpg\"><img decoding=\"async\" width=\"1024\" height=\"683\" data-id=\"3671\" src=\"https:\/\/masnoticiastv.com\/noticias\/wp-content\/uploads\/2026\/03\/1001996423-1024x683.jpg\" alt=\"\" class=\"wp-image-3671\" srcset=\"https:\/\/masnoticiastv.com\/noticias\/wp-content\/uploads\/2026\/03\/1001996423-1024x683.jpg 1024w, https:\/\/masnoticiastv.com\/noticias\/wp-content\/uploads\/2026\/03\/1001996423-300x200.jpg 300w, https:\/\/masnoticiastv.com\/noticias\/wp-content\/uploads\/2026\/03\/1001996423-768x512.jpg 768w, https:\/\/masnoticiastv.com\/noticias\/wp-content\/uploads\/2026\/03\/1001996423-1536x1024.jpg 1536w, https:\/\/masnoticiastv.com\/noticias\/wp-content\/uploads\/2026\/03\/1001996423-600x400.jpg 600w, https:\/\/masnoticiastv.com\/noticias\/wp-content\/uploads\/2026\/03\/1001996423.jpg 1599w\" sizes=\"(max-width: 1024px) 100vw, 1024px\" \/><\/a><\/figure>\n\n\n\n<figure class=\"wp-block-image size-large\"><a href=\"https:\/\/masnoticiastv.com\/noticias\/wp-content\/uploads\/2026\/03\/1001996421.jpg\"><img decoding=\"async\" width=\"683\" height=\"1024\" data-id=\"3672\" src=\"https:\/\/masnoticiastv.com\/noticias\/wp-content\/uploads\/2026\/03\/1001996421-683x1024.jpg\" alt=\"\" class=\"wp-image-3672\" srcset=\"https:\/\/masnoticiastv.com\/noticias\/wp-content\/uploads\/2026\/03\/1001996421-683x1024.jpg 683w, https:\/\/masnoticiastv.com\/noticias\/wp-content\/uploads\/2026\/03\/1001996421-200x300.jpg 200w, https:\/\/masnoticiastv.com\/noticias\/wp-content\/uploads\/2026\/03\/1001996421-768x1152.jpg 768w, https:\/\/masnoticiastv.com\/noticias\/wp-content\/uploads\/2026\/03\/1001996421-1024x1536.jpg 1024w, https:\/\/masnoticiastv.com\/noticias\/wp-content\/uploads\/2026\/03\/1001996421-600x900.jpg 600w, https:\/\/masnoticiastv.com\/noticias\/wp-content\/uploads\/2026\/03\/1001996421.jpg 1066w\" sizes=\"(max-width: 683px) 100vw, 683px\" \/><\/a><\/figure>\n\n\n\n<figure class=\"wp-block-image size-large\"><a href=\"https:\/\/masnoticiastv.com\/noticias\/wp-content\/uploads\/2026\/03\/1001996422.jpg\"><img loading=\"lazy\" decoding=\"async\" width=\"1024\" height=\"683\" data-id=\"3673\" src=\"https:\/\/masnoticiastv.com\/noticias\/wp-content\/uploads\/2026\/03\/1001996422-1024x683.jpg\" alt=\"\" class=\"wp-image-3673\" srcset=\"https:\/\/masnoticiastv.com\/noticias\/wp-content\/uploads\/2026\/03\/1001996422-1024x683.jpg 1024w, https:\/\/masnoticiastv.com\/noticias\/wp-content\/uploads\/2026\/03\/1001996422-300x200.jpg 300w, https:\/\/masnoticiastv.com\/noticias\/wp-content\/uploads\/2026\/03\/1001996422-768x512.jpg 768w, https:\/\/masnoticiastv.com\/noticias\/wp-content\/uploads\/2026\/03\/1001996422-1536x1024.jpg 1536w, https:\/\/masnoticiastv.com\/noticias\/wp-content\/uploads\/2026\/03\/1001996422-600x400.jpg 600w, https:\/\/masnoticiastv.com\/noticias\/wp-content\/uploads\/2026\/03\/1001996422.jpg 1599w\" sizes=\"(max-width: 1024px) 100vw, 1024px\" \/><\/a><\/figure>\n<\/figure>\n\n\n\n<p>Durante la exposici\u00f3n, que se extendi\u00f3 hasta el 12 de marzo, los visitantes pudieron recorrer un espacio interactivo dise\u00f1ado para explicar aspectos t\u00e9cnicos de la operaci\u00f3n minera moderna. Entre los principales atractivos se encuentra una maqueta del puerto Punta Rinc\u00f3n, infraestructura clave para la exportaci\u00f3n del concentrado de cobre.<\/p>\n\n\n\n<p>El stand tambi\u00e9n incluye representaciones de las \u00e1reas de molinos y celdas de flotaci\u00f3n, sistemas utilizados en el procesamiento del mineral. Estas exhibiciones buscan mostrar, de forma pedag\u00f3gica, c\u00f3mo se gestiona el recurso h\u00eddrico dentro de una operaci\u00f3n minera y cu\u00e1les eran los procesos operativos que se realizaban antes de la suspensi\u00f3n de actividades en 2023.<\/p>\n\n\n\n<p>En paralelo, la empresa present\u00f3 la campa\u00f1a <strong>\u201cSuma tu talento\u201d<\/strong>, una iniciativa dirigida a profesionales y trabajadores paname\u00f1os interesados en formar parte del proyecto en caso de que se avance en el procesamiento de aproximadamente 38 millones de toneladas de roca extra\u00eddas antes del cese de operaciones.<\/p>\n\n\n\n<p>Esta posibilidad surge tras el anuncio realizado por el presidente Jos\u00e9 Ra\u00fal Mulino, quien mencion\u00f3 la opci\u00f3n de procesar el material ya extra\u00eddo. De concretarse ese escenario, el proyecto requerir\u00eda cerca de <strong>1,000 nuevas plazas de empleo<\/strong>, seg\u00fan estimaciones de la empresa.<\/p>\n\n\n\n<p>Con su presencia en EXPOCOMER, Cobre Panam\u00e1 apuesta por abrir un canal directo de informaci\u00f3n con la ciudadan\u00eda y el sector empresarial, en un tema que sigue siendo estrat\u00e9gico para la econom\u00eda nacional y que contin\u00faa generando debate sobre desarrollo, empleo y sostenibilidad.<\/p>\n\n\n\n<p>En el tablero pa\u00eds, miner\u00eda, ambiente y empleo siguen siendo piezas que Panam\u00e1 intenta acomodar con precisi\u00f3n quir\u00fargica. El desaf\u00edo no es menor: convertir recursos naturales en prosperidad sin hipotecar el futuro. Un equilibrio delicado\u2026 pero posible cuando la transparencia entra a la conversaci\u00f3n.<\/p>\n","protected":false},"excerpt":{"rendered":"<p>En medio del ruido del debate nacional sobre miner\u00eda, una jugada de comunicaci\u00f3n directa al p\u00fablico apareci\u00f3 en el tablero. La empresa cobre Panam\u00e1 inaugur\u00f3 su stand en la feria expocomer 2026, que se desarrolla en el Panam\u00e1 Convention Center, con el objetivo de explicar de forma abierta c\u00f3mo funcionaba la mina antes del 2023 [&hellip;]<\/p>\n","protected":false},"author":3,"featured_media":3674,"comment_status":"open","ping_status":"open","sticky":false,"template":"","format":"standard","meta":{"footnotes":""},"categories":[10,14],"tags":[],"class_list":["post-3669","post","type-post","status-publish","format-standard","has-post-thumbnail","hentry","category-noticias","category-lanzamientos"],"_links":{"self":[{"href":"https:\/\/masnoticiastv.com\/noticias\/wp-json\/wp\/v2\/posts\/3669","targetHints":{"allow":["GET"]}}],"collection":[{"href":"https:\/\/masnoticiastv.com\/noticias\/wp-json\/wp\/v2\/posts"}],"about":[{"href":"https:\/\/masnoticiastv.com\/noticias\/wp-json\/wp\/v2\/types\/post"}],"author":[{"embeddable":true,"href":"https:\/\/masnoticiastv.com\/noticias\/wp-json\/wp\/v2\/users\/3"}],"replies":[{"embeddable":true,"href":"https:\/\/masnoticiastv.com\/noticias\/wp-json\/wp\/v2\/comments?post=3669"}],"version-history":[{"count":1,"href":"https:\/\/masnoticiastv.com\/noticias\/wp-json\/wp\/v2\/posts\/3669\/revisions"}],"predecessor-version":[{"id":3675,"href":"https:\/\/masnoticiastv.com\/noticias\/wp-json\/wp\/v2\/posts\/3669\/revisions\/3675"}],"wp:featuredmedia":[{"embeddable":true,"href":"https:\/\/masnoticiastv.com\/noticias\/wp-json\/wp\/v2\/media\/3674"}],"wp:attachment":[{"href":"https:\/\/masnoticiastv.com\/noticias\/wp-json\/wp\/v2\/media?parent=3669"}],"wp:term":[{"taxonomy":"category","embeddable":true,"href":"https:\/\/masnoticiastv.com\/noticias\/wp-json\/wp\/v2\/categories?post=3669"},{"taxonomy":"post_tag","embeddable":true,"href":"https:\/\/masnoticiastv.com\/noticias\/wp-json\/wp\/v2\/tags?post=3669"}],"curies":[{"name":"wp","href":"https:\/\/api.w.org\/{rel}","templated":true}]}}