{"id":3707,"date":"2026-03-28T14:36:21","date_gmt":"2026-03-28T19:36:21","guid":{"rendered":"https:\/\/masnoticiastv.com\/noticias\/?p=3707"},"modified":"2026-04-24T14:38:35","modified_gmt":"2026-04-24T19:38:35","slug":"apadicos-y-apreppa-realizan-jornada-de-capacitacion-sobre-conceptos-teoricos-sobre-inteligencia-artificial-para-comunicadores","status":"publish","type":"post","link":"https:\/\/masnoticiastv.com\/noticias\/apadicos-y-apreppa-realizan-jornada-de-capacitacion-sobre-conceptos-teoricos-sobre-inteligencia-artificial-para-comunicadores\/","title":{"rendered":"APADICOS y APREPPA, REALIZAN JORNADA DE CAPACITACI\u00d3N SOBRE CONCEPTOS TE\u00d3RICOS SOBRE INTELIGENCIA ARTIFICIAL PARA COMUNICADORES"},"content":{"rendered":"\n<p>La Asociaci\u00f3n Paname\u00f1a para el Desarrollo Integral de la Comunicaci\u00f3n Social APADICOS y la Asociaci\u00f3n de Profesionales de Relacionista P\u00fablicos de Panam\u00e1 APREPPA, en una alianza estrat\u00e9gica realizaron la capacitaci\u00f3n sobre la importancia del manejo de la Inteligencia Artificial y las nuevas tendencias en materia de comunicaci\u00f3n estrat\u00e9gica, en el marco de las jornadas de capacitaci\u00f3n y sensibilizaci\u00f3n a comunicadores sociales.<\/p>\n\n\n\n<p>Toribio D\u00edaz, director ejecutivo de APADICOS, destaca la importancia de apoyar este tipo de iniciativas acad\u00e9micas en especial a comunicadores sociales sobre estos temas,  ya que enriquece el conocimiento de los profesionales y permite tener un mayor campo de entendimientoPor otra parte la Prof Luz Mej\u00eda, presidente de APREPPA, se\u00f1al\u00f3 que este tipo de espacio son parte del esquema de trabajo que realiza con la facultad de comunicaci\u00f3n social de la Universidad de Panam\u00e1 y organizaciones sociales como es el caso de APADICOS, que promueven este espacios de formaci\u00f3n acad\u00e9mica y de actualizaci\u00f3n.<\/p>\n\n\n\n<p>La ponencia magistral tuvo a cargo de Hamzah Haji, Experto y consultor internacional sobre temas tecnol\u00f3gicos y Inteligencia Artificial, donde acot\u00f3 que son temas que esta avanzando de forma muy acelerada pero lo importante es de poder dar informaci\u00f3n relevante de como esta evolucionado el mundo en que nos movemos y de como las relaciones p\u00fablicas posee un rol protagonico en este contexto., donde la \u00e9tica y la reputaci\u00f3n son elementos fundamentales para el ejercicio de esta profesi\u00f3nLa Vice Decana de la Facultad de Comunicaci\u00f3n de la Facultad de Comunicaci\u00f3n Social de la Universidad de Panam\u00e1 Prof. <\/p>\n\n\n\n<p>Enerida de De La Cruz, resalt\u00f3 la importancia de abrir este tipo de espacio de formaci\u00f3n y que son indispensable para el fortalecimiento de los profesionales de la Comunicaci\u00f3n SocialSe\u00f1al\u00f3 que existe la posibilidad que la facultad pueda generar estos temas de forma m\u00e1s formal como la creaci\u00f3n de diplomados y Maestr\u00edaEsta actividad cont\u00f3 con el auspicio de APADICOS y fue organizada por APREPPA, en el marco de su espacio denominado un Caf\u00e9 con PR.<\/p>\n","protected":false},"excerpt":{"rendered":"<p>La Asociaci\u00f3n Paname\u00f1a para el Desarrollo Integral de la Comunicaci\u00f3n Social APADICOS y la Asociaci\u00f3n de Profesionales de Relacionista P\u00fablicos de Panam\u00e1 APREPPA, en una alianza estrat\u00e9gica realizaron la capacitaci\u00f3n sobre la importancia del manejo de la Inteligencia Artificial y las nuevas tendencias en materia de comunicaci\u00f3n estrat\u00e9gica, en el marco de las jornadas de [&hellip;]<\/p>\n","protected":false},"author":3,"featured_media":3708,"comment_status":"open","ping_status":"open","sticky":false,"template":"","format":"standard","meta":{"footnotes":""},"categories":[10],"tags":[54,64,55],"class_list":["post-3707","post","type-post","status-publish","format-standard","has-post-thumbnail","hentry","category-noticias","tag-masnoticiastv","tag-noticia","tag-panama"],"_links":{"self":[{"href":"https:\/\/masnoticiastv.com\/noticias\/wp-json\/wp\/v2\/posts\/3707","targetHints":{"allow":["GET"]}}],"collection":[{"href":"https:\/\/masnoticiastv.com\/noticias\/wp-json\/wp\/v2\/posts"}],"about":[{"href":"https:\/\/masnoticiastv.com\/noticias\/wp-json\/wp\/v2\/types\/post"}],"author":[{"embeddable":true,"href":"https:\/\/masnoticiastv.com\/noticias\/wp-json\/wp\/v2\/users\/3"}],"replies":[{"embeddable":true,"href":"https:\/\/masnoticiastv.com\/noticias\/wp-json\/wp\/v2\/comments?post=3707"}],"version-history":[{"count":1,"href":"https:\/\/masnoticiastv.com\/noticias\/wp-json\/wp\/v2\/posts\/3707\/revisions"}],"predecessor-version":[{"id":3709,"href":"https:\/\/masnoticiastv.com\/noticias\/wp-json\/wp\/v2\/posts\/3707\/revisions\/3709"}],"wp:featuredmedia":[{"embeddable":true,"href":"https:\/\/masnoticiastv.com\/noticias\/wp-json\/wp\/v2\/media\/3708"}],"wp:attachment":[{"href":"https:\/\/masnoticiastv.com\/noticias\/wp-json\/wp\/v2\/media?parent=3707"}],"wp:term":[{"taxonomy":"category","embeddable":true,"href":"https:\/\/masnoticiastv.com\/noticias\/wp-json\/wp\/v2\/categories?post=3707"},{"taxonomy":"post_tag","embeddable":true,"href":"https:\/\/masnoticiastv.com\/noticias\/wp-json\/wp\/v2\/tags?post=3707"}],"curies":[{"name":"wp","href":"https:\/\/api.w.org\/{rel}","templated":true}]}}