{"id":3761,"date":"2026-04-25T13:26:03","date_gmt":"2026-04-25T18:26:03","guid":{"rendered":"https:\/\/masnoticiastv.com\/noticias\/?p=3761"},"modified":"2026-04-25T16:26:13","modified_gmt":"2026-04-25T21:26:13","slug":"panama-brilla-en-los-panamericanos-de-surf-2026-en-playa-venao","status":"publish","type":"post","link":"https:\/\/masnoticiastv.com\/noticias\/panama-brilla-en-los-panamericanos-de-surf-2026-en-playa-venao\/","title":{"rendered":"Panam\u00e1 brilla en los Panamericanos de Surf 2026 en Playa Venao"},"content":{"rendered":"\n<p>Panam\u00e1 acoge del 24 de abril al 3 de mayo los Panamericanos de Surf en\u00a0Playa Venao, reuniendo a 280 atletas de 19 pa\u00edses en este reconocido destino de\u00a0Pedas\u00ed, en la provincia de Los Santos. <\/p>\n\n\n\n<p>El evento consolida al pa\u00eds como un punto clave del surf internacional y resalta su potencial como sede de competencias de alto nivel.<\/p>\n\n\n\n<p>La delegaci\u00f3n paname\u00f1a destaca por su talento y proyecci\u00f3n, compitiendo frente a las mejores figuras del continente y elevando el perfil del surf nacional en la escena global.<\/p>\n\n\n\n<figure class=\"wp-block-gallery has-nested-images columns-default is-cropped wp-block-gallery-1 is-layout-flex wp-block-gallery-is-layout-flex\">\n<figure class=\"wp-block-image size-large\"><a href=\"https:\/\/masnoticiastv.com\/noticias\/wp-content\/uploads\/2026\/04\/1002129124.jpg\"><img fetchpriority=\"high\" decoding=\"async\" width=\"1024\" height=\"682\" data-id=\"3762\" src=\"https:\/\/masnoticiastv.com\/noticias\/wp-content\/uploads\/2026\/04\/1002129124-1024x682.jpg\" alt=\"\" class=\"wp-image-3762\" srcset=\"https:\/\/masnoticiastv.com\/noticias\/wp-content\/uploads\/2026\/04\/1002129124-1024x682.jpg 1024w, https:\/\/masnoticiastv.com\/noticias\/wp-content\/uploads\/2026\/04\/1002129124-300x200.jpg 300w, https:\/\/masnoticiastv.com\/noticias\/wp-content\/uploads\/2026\/04\/1002129124-768x512.jpg 768w, https:\/\/masnoticiastv.com\/noticias\/wp-content\/uploads\/2026\/04\/1002129124-600x400.jpg 600w, https:\/\/masnoticiastv.com\/noticias\/wp-content\/uploads\/2026\/04\/1002129124.jpg 1298w\" sizes=\"(max-width: 1024px) 100vw, 1024px\" \/><\/a><\/figure>\n\n\n\n<figure class=\"wp-block-image size-large\"><a href=\"https:\/\/masnoticiastv.com\/noticias\/wp-content\/uploads\/2026\/04\/1002129129.jpg\"><img decoding=\"async\" width=\"1024\" height=\"682\" data-id=\"3766\" src=\"https:\/\/masnoticiastv.com\/noticias\/wp-content\/uploads\/2026\/04\/1002129129-1024x682.jpg\" alt=\"\" class=\"wp-image-3766\" srcset=\"https:\/\/masnoticiastv.com\/noticias\/wp-content\/uploads\/2026\/04\/1002129129-1024x682.jpg 1024w, https:\/\/masnoticiastv.com\/noticias\/wp-content\/uploads\/2026\/04\/1002129129-300x200.jpg 300w, https:\/\/masnoticiastv.com\/noticias\/wp-content\/uploads\/2026\/04\/1002129129-768x512.jpg 768w, https:\/\/masnoticiastv.com\/noticias\/wp-content\/uploads\/2026\/04\/1002129129-1536x1024.jpg 1536w, https:\/\/masnoticiastv.com\/noticias\/wp-content\/uploads\/2026\/04\/1002129129-2048x1365.jpg 2048w, https:\/\/masnoticiastv.com\/noticias\/wp-content\/uploads\/2026\/04\/1002129129-600x400.jpg 600w\" sizes=\"(max-width: 1024px) 100vw, 1024px\" \/><\/a><\/figure>\n\n\n\n<figure class=\"wp-block-image size-large\"><a href=\"https:\/\/masnoticiastv.com\/noticias\/wp-content\/uploads\/2026\/04\/1002129128.jpg\"><img decoding=\"async\" width=\"1024\" height=\"683\" data-id=\"3764\" src=\"https:\/\/masnoticiastv.com\/noticias\/wp-content\/uploads\/2026\/04\/1002129128-1024x683.jpg\" alt=\"\" class=\"wp-image-3764\" srcset=\"https:\/\/masnoticiastv.com\/noticias\/wp-content\/uploads\/2026\/04\/1002129128-1024x683.jpg 1024w, https:\/\/masnoticiastv.com\/noticias\/wp-content\/uploads\/2026\/04\/1002129128-300x200.jpg 300w, https:\/\/masnoticiastv.com\/noticias\/wp-content\/uploads\/2026\/04\/1002129128-768x512.jpg 768w, https:\/\/masnoticiastv.com\/noticias\/wp-content\/uploads\/2026\/04\/1002129128-1536x1024.jpg 1536w, https:\/\/masnoticiastv.com\/noticias\/wp-content\/uploads\/2026\/04\/1002129128-600x400.jpg 600w, https:\/\/masnoticiastv.com\/noticias\/wp-content\/uploads\/2026\/04\/1002129128.jpg 1600w\" sizes=\"(max-width: 1024px) 100vw, 1024px\" \/><\/a><\/figure>\n\n\n\n<figure class=\"wp-block-image size-large\"><a href=\"https:\/\/masnoticiastv.com\/noticias\/wp-content\/uploads\/2026\/04\/1002129123.jpg\"><img loading=\"lazy\" decoding=\"async\" width=\"682\" height=\"1024\" data-id=\"3763\" src=\"https:\/\/masnoticiastv.com\/noticias\/wp-content\/uploads\/2026\/04\/1002129123-682x1024.jpg\" alt=\"\" class=\"wp-image-3763\" srcset=\"https:\/\/masnoticiastv.com\/noticias\/wp-content\/uploads\/2026\/04\/1002129123-682x1024.jpg 682w, https:\/\/masnoticiastv.com\/noticias\/wp-content\/uploads\/2026\/04\/1002129123-200x300.jpg 200w, https:\/\/masnoticiastv.com\/noticias\/wp-content\/uploads\/2026\/04\/1002129123-768x1153.jpg 768w, https:\/\/masnoticiastv.com\/noticias\/wp-content\/uploads\/2026\/04\/1002129123-1023x1536.jpg 1023w, https:\/\/masnoticiastv.com\/noticias\/wp-content\/uploads\/2026\/04\/1002129123-600x901.jpg 600w, https:\/\/masnoticiastv.com\/noticias\/wp-content\/uploads\/2026\/04\/1002129123.jpg 1066w\" sizes=\"(max-width: 682px) 100vw, 682px\" \/><\/a><\/figure>\n<\/figure>\n\n\n\n<p>El presidente de la\u00a0Asociaci\u00f3n Paname\u00f1a de Surf (APS),\u00a0Bruno S\u00e1nchez, afirm\u00f3: \u201cEste evento refleja el reconocimiento paname\u00f1o como destino de competencias de surf de alto nivel, gracias a la confianza de las instituciones nacionales e internacionales, patrocinadores; y tambi\u00e9n por el trabajo del equipo de profesionales de la APS,  pero principalmente de sus atletas quienes dan lo mejor de s\u00ed en cada competencia en la que representan a Panam\u00e1\u00bb.<\/p>\n\n\n\n<p>Por su parte, la ministra de Turismo,\u00a0Gloria de Le\u00f3n, destac\u00f3 que \u201cresalt\u00f3 el valor de este evento como una oportunidad de impulsar el turismo y proyectar a Panam\u00e1 ante el mundo\u201d.<\/p>\n\n\n\n<p>Adem\u00e1s de su relevancia deportiva,\u00a0Playa Venao\u00a0se posiciona como un destino tur\u00edstico de surf de clase mundial, generando impacto econ\u00f3mico, desarrollo local y oportunidades para las comunidades, mientras fortalece la imagen de\u00a0Panam\u00e1\u00a0a nivel internacional.<\/p>\n","protected":false},"excerpt":{"rendered":"<p>Panam\u00e1 acoge del 24 de abril al 3 de mayo los Panamericanos de Surf en\u00a0Playa Venao, reuniendo a 280 atletas de 19 pa\u00edses en este reconocido destino de\u00a0Pedas\u00ed, en la provincia de Los Santos. El evento consolida al pa\u00eds como un punto clave del surf internacional y resalta su potencial como sede de competencias de [&hellip;]<\/p>\n","protected":false},"author":3,"featured_media":3765,"comment_status":"open","ping_status":"open","sticky":false,"template":"","format":"standard","meta":{"footnotes":""},"categories":[25,190],"tags":[54,64,55,234,233,100],"class_list":["post-3761","post","type-post","status-publish","format-standard","has-post-thumbnail","hentry","category-internacionales","category-turismo","tag-masnoticiastv","tag-noticia","tag-panama","tag-pedasi","tag-playas","tag-turismo"],"_links":{"self":[{"href":"https:\/\/masnoticiastv.com\/noticias\/wp-json\/wp\/v2\/posts\/3761","targetHints":{"allow":["GET"]}}],"collection":[{"href":"https:\/\/masnoticiastv.com\/noticias\/wp-json\/wp\/v2\/posts"}],"about":[{"href":"https:\/\/masnoticiastv.com\/noticias\/wp-json\/wp\/v2\/types\/post"}],"author":[{"embeddable":true,"href":"https:\/\/masnoticiastv.com\/noticias\/wp-json\/wp\/v2\/users\/3"}],"replies":[{"embeddable":true,"href":"https:\/\/masnoticiastv.com\/noticias\/wp-json\/wp\/v2\/comments?post=3761"}],"version-history":[{"count":1,"href":"https:\/\/masnoticiastv.com\/noticias\/wp-json\/wp\/v2\/posts\/3761\/revisions"}],"predecessor-version":[{"id":3767,"href":"https:\/\/masnoticiastv.com\/noticias\/wp-json\/wp\/v2\/posts\/3761\/revisions\/3767"}],"wp:featuredmedia":[{"embeddable":true,"href":"https:\/\/masnoticiastv.com\/noticias\/wp-json\/wp\/v2\/media\/3765"}],"wp:attachment":[{"href":"https:\/\/masnoticiastv.com\/noticias\/wp-json\/wp\/v2\/media?parent=3761"}],"wp:term":[{"taxonomy":"category","embeddable":true,"href":"https:\/\/masnoticiastv.com\/noticias\/wp-json\/wp\/v2\/categories?post=3761"},{"taxonomy":"post_tag","embeddable":true,"href":"https:\/\/masnoticiastv.com\/noticias\/wp-json\/wp\/v2\/tags?post=3761"}],"curies":[{"name":"wp","href":"https:\/\/api.w.org\/{rel}","templated":true}]}}