{"id":3769,"date":"2026-04-27T09:03:00","date_gmt":"2026-04-27T14:03:00","guid":{"rendered":"https:\/\/masnoticiastv.com\/noticias\/?p=3769"},"modified":"2026-04-27T12:03:26","modified_gmt":"2026-04-27T17:03:26","slug":"proyecto-nacional-integrado-de-atencion-del-cancer-logra-importantes-avances-en-la-lucha-contra-esta-enfermedad","status":"publish","type":"post","link":"https:\/\/masnoticiastv.com\/noticias\/proyecto-nacional-integrado-de-atencion-del-cancer-logra-importantes-avances-en-la-lucha-contra-esta-enfermedad\/","title":{"rendered":"Proyecto Nacional Integrado de Atenci\u00f3n del C\u00e1ncer logra importantes avances en la lucha contra esta enfermedad"},"content":{"rendered":"\n<p>Este proyecto tiene como objetivo principal fortalecer la atenci\u00f3n integral del c\u00e1ncer en el pa\u00eds<\/p>\n\n\n\n<p>El 17% de las muertes en el pa\u00eds son causadas por alg\u00fan tipo de c\u00e1ncer<\/p>\n\n\n\n<p>El ministro Boyd Galindo subray\u00f3 que este proceso ha tenido un impacto directo en la econom\u00eda familiar.  <\/p>\n\n\n\n<p>La realidad del c\u00e1ncer en Panam\u00e1 refleja un desaf\u00edo urgente de salud p\u00fablica. <\/p>\n\n\n\n<p>Actualmente, el 17% de las muertes en el pa\u00eds son causadas por alg\u00fan tipo de c\u00e1ncer, y cada a\u00f1o se diagnostican alrededor de 7,700 nuevos casos. Esto se traduce en un promedio diario de entre 12 y 14 diagn\u00f3sticos, mientras que entre 5 y 7 paname\u00f1os pierden la vida cada d\u00eda a causa de esta enfermedad.<\/p>\n\n\n\n<p>Las cifras tambi\u00e9n evidencian un aumento sostenido en la demanda de servicios oncol\u00f3gicos en la \u00faltima d\u00e9cada. Las consultas por c\u00e1ncer pasaron de 96,000 en 2014 a 165,000 en 2024; las radioterapias de 35,000 a 68,000; y las quimioterapias de 23,000 a 43,000 en ese mismo periodo, lo que refleja la creciente necesidad de fortalecer el sistema de atenci\u00f3n.<\/p>\n\n\n\n<p>Ante esta realidad, desde inicios de 2025, el Gobierno Nacional, a trav\u00e9s del Ministerio de Salud (Minsa), puso en marcha el Proyecto Nacional Integrado de Atenci\u00f3n del C\u00e1ncer, una iniciativa que articula esfuerzos entre el Minsa, la Caja de Seguro Social (CSS) y el Instituto Oncol\u00f3gico Nacional (ION), con el respaldo de instituciones gubernamentales, organismos internacionales, asociaciones de pacientes y el sector privado.<\/p>\n\n\n\n<p>En ese contexto y tras un a\u00f1o de gesti\u00f3n enfocada en la descentralizaci\u00f3n de los servicios de salud, el ministro de Salud, Fernando Boyd Galindo, confirm\u00f3 hoy avances en la integraci\u00f3n de la Red Oncol\u00f3gica Nacional. Bajo la instrucci\u00f3n del Presidente de la Rep\u00fablica, Jos\u00e9 Ra\u00fal Mulino Quintero, el titular de la cartera de Salud destac\u00f3 que la unificaci\u00f3n de la atenci\u00f3n oncol\u00f3gica entre el MINSA y la Caja de Seguro Social (CSS) permite que la poblaci\u00f3n reciba tratamientos especializados cerca de sus hogares.<\/p>\n\n\n\n<p>El ministro Boyd Galindo subray\u00f3 que este proceso ha tenido un impacto directo en la econom\u00eda familiar. Se estima que el ahorro acumulado para los paname\u00f1os asciende a 2 millones de d\u00f3lares, al eliminar gastos de transporte, hospedaje y alimentaci\u00f3n asociados a los traslados hacia la ciudad de Panam\u00e1. Actualmente, solo en la regi\u00f3n de Azuero, 1,650 pacientes reciben atenci\u00f3n integral en el Hospital Anita Moreno.<\/p>\n\n\n\n<p>Cabe resaltar que este proyecto tiene como objetivo principal fortalecer la atenci\u00f3n integral del c\u00e1ncer en el pa\u00eds, mejorar el acceso a los servicios mediante la descentralizaci\u00f3n, promover la prevenci\u00f3n, impulsar la integraci\u00f3n del sistema de salud, incorporar nuevas tecnolog\u00edas y fomentar la investigaci\u00f3n oncol\u00f3gica.<\/p>\n\n\n\n<p>El proyecto se estructura en cuatro l\u00edneas de acci\u00f3n fundamentales:<\/p>\n\n\n\n<p>1.Fortalecimiento asistencial y descentralizaci\u00f3n de la atenci\u00f3n del c\u00e1ncer.<\/p>\n\n\n\n<p>2.Implementaci\u00f3n de proyectos estrat\u00e9gicos integrados a nivel nacional.<\/p>\n\n\n\n<p>3.Fortalecimiento de la investigaci\u00f3n en c\u00e1ncer.4.Consolidaci\u00f3n del Registro Nacional del C\u00e1ncer y acceso a nuevas tecnolog\u00edas.<\/p>\n\n\n\n<p>A un a\u00f1o de su implementaci\u00f3n, los avances son significativos:<\/p>\n\n\n\n<p>Se logr\u00f3 la apertura del Hospital Cancerol\u00f3gico en la Ciudad de la Salud, con servicios de radioterapia y consultas de radio oncolog\u00eda, as\u00ed como la nueva sala de cuidados paliativos del Instituto Oncol\u00f3gico Nacional.<\/p>\n\n\n\n<p>Se inici\u00f3 la construcci\u00f3n de un moderno edificio de 9 pisos para el Instituto Oncol\u00f3gico Nacional, que permitir\u00e1 trasladar el 80% de sus servicios, incluyendo consulta externa y quimioterapia.<\/p>\n\n\n\n<p>Se fortalecieron los servicios del Instituto Oncol\u00f3gico Nacional con la adquisici\u00f3n de un acelerador lineal, la remodelaci\u00f3n de su laboratorio cl\u00ednico y capilla, y la incorporaci\u00f3n de un sistema de cirug\u00eda rob\u00f3tica, convirti\u00e9ndose en el primer hospital p\u00fablico del pa\u00eds en contar con esta tecnolog\u00eda.<\/p>\n\n\n\n<p>Se consolid\u00f3 el proceso de descentralizaci\u00f3n con el funcionamiento de salas de oncolog\u00eda en Los Santos y Veraguas, incluyendo servicios de telemedicina y la apertura de una sala de hematolog\u00eda pedi\u00e1trica.\uf0b7Se inaugur\u00f3 el nuevo Hospital de Bugaba, que contar\u00e1 con \u00e1reas de quimioterapia y radioterapia.\uf0b7Se avanz\u00f3 en la habilitaci\u00f3n de la sala de oncolog\u00eda del Hospital Nicol\u00e1s Solano en La Chorrera.<\/p>\n\n\n\n<p>En prevenci\u00f3n, se incorpor\u00f3 la vacuna nonavalente contra el VPH al esquema nacional de vacunaci\u00f3n, fortaleciendo la lucha contra el c\u00e1ncer cervicouterino.<\/p>\n\n\n\n<p>Se establecieron comisiones nacionales para abordar distintos tipos de c\u00e1ncer, fortaleciendo las estrategias de promoci\u00f3n y prevenci\u00f3n.\uf0b7En investigaci\u00f3n, se firm\u00f3 el convenio \u201cCiencia contra el C\u00e1ncer\u201d, que marcar\u00e1 el desarrollo de un plan estrat\u00e9gico nacional en esta materia.\uf0b7Se gestion\u00f3 la donaci\u00f3n de un acelerador lineal adicional para fortalecer la capacidad tecnol\u00f3gica del pa\u00eds.<\/p>\n\n\n\n<p>En comunicaci\u00f3n, se impulsaron campa\u00f1as nacionales de prevenci\u00f3n enfocadas en el autocuidado y el mutuo cuidado.<\/p>\n\n\n\n<p>Estos logros reflejan el compromiso del Estado paname\u00f1o con la transformaci\u00f3n del sistema de atenci\u00f3n oncol\u00f3gica, colocando al paciente en el centro de las pol\u00edticas p\u00fablicas y avanzando hacia un modelo m\u00e1s equitativo, accesible y moderno.<\/p>\n\n\n\n<p>El Gobierno Nacional reafirma su compromiso de continuar fortaleciendo este proyecto en beneficio de todos los paname\u00f1os, con la convicci\u00f3n de que la lucha contra el c\u00e1ncer requiere un esfuerzo conjunto, sostenido y basado en la innovaci\u00f3n y la solidaridad.<\/p>\n\n\n\n<p>El encuentro cont\u00f3 con la participaci\u00f3n del subdirector de la CSS, Rogelio Gord\u00f3n ; el director General del ION, Julio Santamar\u00eda; el presidente del Patronato del ION y asesor del Despacho Superior del Minsa, Alex Gonz\u00e1lez;  entre otras autoridades del Ministerio de Salud  y de la  Caja de Seguro Social; as\u00ed como invitados especiales.<\/p>\n","protected":false},"excerpt":{"rendered":"<p>Este proyecto tiene como objetivo principal fortalecer la atenci\u00f3n integral del c\u00e1ncer en el pa\u00eds El 17% de las muertes en el pa\u00eds son causadas por alg\u00fan tipo de c\u00e1ncer El ministro Boyd Galindo subray\u00f3 que este proceso ha tenido un impacto directo en la econom\u00eda familiar. La realidad del c\u00e1ncer en Panam\u00e1 refleja un [&hellip;]<\/p>\n","protected":false},"author":3,"featured_media":3770,"comment_status":"open","ping_status":"open","sticky":false,"template":"","format":"standard","meta":{"footnotes":""},"categories":[10],"tags":[54,64,55,67],"class_list":["post-3769","post","type-post","status-publish","format-standard","has-post-thumbnail","hentry","category-noticias","tag-masnoticiastv","tag-noticia","tag-panama","tag-salud"],"_links":{"self":[{"href":"https:\/\/masnoticiastv.com\/noticias\/wp-json\/wp\/v2\/posts\/3769","targetHints":{"allow":["GET"]}}],"collection":[{"href":"https:\/\/masnoticiastv.com\/noticias\/wp-json\/wp\/v2\/posts"}],"about":[{"href":"https:\/\/masnoticiastv.com\/noticias\/wp-json\/wp\/v2\/types\/post"}],"author":[{"embeddable":true,"href":"https:\/\/masnoticiastv.com\/noticias\/wp-json\/wp\/v2\/users\/3"}],"replies":[{"embeddable":true,"href":"https:\/\/masnoticiastv.com\/noticias\/wp-json\/wp\/v2\/comments?post=3769"}],"version-history":[{"count":1,"href":"https:\/\/masnoticiastv.com\/noticias\/wp-json\/wp\/v2\/posts\/3769\/revisions"}],"predecessor-version":[{"id":3771,"href":"https:\/\/masnoticiastv.com\/noticias\/wp-json\/wp\/v2\/posts\/3769\/revisions\/3771"}],"wp:featuredmedia":[{"embeddable":true,"href":"https:\/\/masnoticiastv.com\/noticias\/wp-json\/wp\/v2\/media\/3770"}],"wp:attachment":[{"href":"https:\/\/masnoticiastv.com\/noticias\/wp-json\/wp\/v2\/media?parent=3769"}],"wp:term":[{"taxonomy":"category","embeddable":true,"href":"https:\/\/masnoticiastv.com\/noticias\/wp-json\/wp\/v2\/categories?post=3769"},{"taxonomy":"post_tag","embeddable":true,"href":"https:\/\/masnoticiastv.com\/noticias\/wp-json\/wp\/v2\/tags?post=3769"}],"curies":[{"name":"wp","href":"https:\/\/api.w.org\/{rel}","templated":true}]}}