{"id":3773,"date":"2026-04-27T13:34:39","date_gmt":"2026-04-27T18:34:39","guid":{"rendered":"https:\/\/masnoticiastv.com\/noticias\/?p=3773"},"modified":"2026-04-27T13:34:39","modified_gmt":"2026-04-27T18:34:39","slug":"inadeh-y-acp-firman-convenio-para-fortalecer-la-capacitacion-tecnica-en-areas-clave-del-canal-de-panama","status":"publish","type":"post","link":"https:\/\/masnoticiastv.com\/noticias\/inadeh-y-acp-firman-convenio-para-fortalecer-la-capacitacion-tecnica-en-areas-clave-del-canal-de-panama\/","title":{"rendered":"INADEH y ACP firman convenio para fortalecer la capacitaci\u00f3n t\u00e9cnica en \u00e1reas clave del Canal de Panam\u00e1"},"content":{"rendered":"\n<p>El Instituto Nacional de Formaci\u00f3n Profesional y Capacitaci\u00f3n para el Desarrollo Humano (INADEH) y la Autoridad del Canal de Panam\u00e1 (ACP) firmaron un Convenio Marco de Cooperaci\u00f3n Interinstitucional para desarrollar programas de capacitaci\u00f3n t\u00e9cnica dirigidos a fortalecer el recurso humano que labora en el Canal de Panam\u00e1 y en proyectos de infraestructura asociados.<\/p>\n\n\n\n<p>El acuerdo fue suscrito por la directora general del INADEH, Yajaira Pitt\u00ed, y el administrador de la ACP, Ricaurte V\u00e1squez Morales. <\/p>\n\n\n\n<p>A trav\u00e9s de este convenio, el INADEH tendr\u00e1 un rol clave en la formaci\u00f3n y certificaci\u00f3n de personal en \u00e1reas como: construcci\u00f3n, mantenimiento de infraestructura, operaci\u00f3n de equipos, y otras especialidades necesarias para las actividades del Canal y sus servicios conexos.<\/p>\n\n\n\n<p>El convenio incluye el desarrollo conjunto de programas de capacitaci\u00f3n con componente pr\u00e1ctico, el intercambio de especialistas y conocimientos, y la certificaci\u00f3n de competencias laborales del personal formado.Asimismo, se busca garantizar la disponibilidad de mano de obra calificada para responder a la demanda de los proyectos del Canal de Panam\u00e1, fortaleciendo las capacidades t\u00e9cnicas del pa\u00eds.<\/p>\n\n\n\n<p><\/p>\n","protected":false},"excerpt":{"rendered":"<p>El Instituto Nacional de Formaci\u00f3n Profesional y Capacitaci\u00f3n para el Desarrollo Humano (INADEH) y la Autoridad del Canal de Panam\u00e1 (ACP) firmaron un Convenio Marco de Cooperaci\u00f3n Interinstitucional para desarrollar programas de capacitaci\u00f3n t\u00e9cnica dirigidos a fortalecer el recurso humano que labora en el Canal de Panam\u00e1 y en proyectos de infraestructura asociados. El acuerdo [&hellip;]<\/p>\n","protected":false},"author":3,"featured_media":3774,"comment_status":"open","ping_status":"open","sticky":false,"template":"","format":"standard","meta":{"footnotes":""},"categories":[10],"tags":[54,64,55],"class_list":["post-3773","post","type-post","status-publish","format-standard","has-post-thumbnail","hentry","category-noticias","tag-masnoticiastv","tag-noticia","tag-panama"],"_links":{"self":[{"href":"https:\/\/masnoticiastv.com\/noticias\/wp-json\/wp\/v2\/posts\/3773","targetHints":{"allow":["GET"]}}],"collection":[{"href":"https:\/\/masnoticiastv.com\/noticias\/wp-json\/wp\/v2\/posts"}],"about":[{"href":"https:\/\/masnoticiastv.com\/noticias\/wp-json\/wp\/v2\/types\/post"}],"author":[{"embeddable":true,"href":"https:\/\/masnoticiastv.com\/noticias\/wp-json\/wp\/v2\/users\/3"}],"replies":[{"embeddable":true,"href":"https:\/\/masnoticiastv.com\/noticias\/wp-json\/wp\/v2\/comments?post=3773"}],"version-history":[{"count":1,"href":"https:\/\/masnoticiastv.com\/noticias\/wp-json\/wp\/v2\/posts\/3773\/revisions"}],"predecessor-version":[{"id":3775,"href":"https:\/\/masnoticiastv.com\/noticias\/wp-json\/wp\/v2\/posts\/3773\/revisions\/3775"}],"wp:featuredmedia":[{"embeddable":true,"href":"https:\/\/masnoticiastv.com\/noticias\/wp-json\/wp\/v2\/media\/3774"}],"wp:attachment":[{"href":"https:\/\/masnoticiastv.com\/noticias\/wp-json\/wp\/v2\/media?parent=3773"}],"wp:term":[{"taxonomy":"category","embeddable":true,"href":"https:\/\/masnoticiastv.com\/noticias\/wp-json\/wp\/v2\/categories?post=3773"},{"taxonomy":"post_tag","embeddable":true,"href":"https:\/\/masnoticiastv.com\/noticias\/wp-json\/wp\/v2\/tags?post=3773"}],"curies":[{"name":"wp","href":"https:\/\/api.w.org\/{rel}","templated":true}]}}