{"id":3776,"date":"2026-04-30T09:24:35","date_gmt":"2026-04-30T14:24:35","guid":{"rendered":"https:\/\/masnoticiastv.com\/noticias\/?p=3776"},"modified":"2026-04-30T10:24:48","modified_gmt":"2026-04-30T15:24:48","slug":"dr-emilio-moreno-plantea-modernizacion-academica-y-mas-conexion-laboral-en-carrera-por-la-rectoria-de-la-universidad-de-panama","status":"publish","type":"post","link":"https:\/\/masnoticiastv.com\/noticias\/dr-emilio-moreno-plantea-modernizacion-academica-y-mas-conexion-laboral-en-carrera-por-la-rectoria-de-la-universidad-de-panama\/","title":{"rendered":"Dr. Emilio Moreno plantea modernizaci\u00f3n acad\u00e9mica y m\u00e1s conexi\u00f3n laboral en carrera por la rector\u00eda de la Universidad de Panam\u00e1"},"content":{"rendered":"\n<p>El candidato a rector de la Universidad de Panam\u00e1, Dr. Emilio Moreno, present\u00f3 una agenda centrada en la transformaci\u00f3n acad\u00e9mica, la actualizaci\u00f3n institucional y una mayor vinculaci\u00f3n entre la educaci\u00f3n superior y el mercado laboral, en el marco del proceso electoral universitario.<br>Moreno sostuvo que la principal casa de estudios del pa\u00eds requiere una gesti\u00f3n orientada a resultados, con \u00e9nfasis en la calidad educativa, la eficiencia administrativa y el fortalecimiento de la formaci\u00f3n profesional de los estudiantes.<br>Entre los puntos destacados de sus planteamientos, el aspirante subray\u00f3 la necesidad de incrementar las pr\u00e1cticas profesionales, de manera que los egresados salgan mejor preparados y con experiencia previa para insertarse en el mercado de trabajo.<br>La propuesta busca reducir la brecha entre aula y empleo, uno de los desaf\u00edos recurrentes en la educaci\u00f3n superior paname\u00f1a. De igual forma, Moreno plantea que al estudiante hay que darle la formaci\u00f3n para que tambi\u00e9n generen sus propios empleos.<br>Asimismo, defendi\u00f3 que la universidad debe avanzar hacia una estructura m\u00e1s moderna y din\u00e1mica, capaz de responder a los cambios tecnol\u00f3gicos, cient\u00edficos y sociales que exige el pa\u00eds. En ese sentido, plante\u00f3 una administraci\u00f3n sustentada en experiencia acumulada, planificaci\u00f3n estrat\u00e9gica y visi\u00f3n de futuro.<br>La candidatura de Moreno se suma al debate sobre el rumbo de la instituci\u00f3n estatal m\u00e1s importante de educaci\u00f3n superior en Panam\u00e1, en momentos en que la comunidad universitaria analiza temas como innovaci\u00f3n curricular, investigaci\u00f3n, extensi\u00f3n y gobernanza.<br>Las elecciones rectorales son observadas con inter\u00e9s por estudiantes, docentes, administrativos y egresados, debido al impacto que tendr\u00e1 la pr\u00f3xima administraci\u00f3n sobre el desarrollo institucional en los pr\u00f3ximos a\u00f1os.<br>Con su trayectoria profesional y su alta formaci\u00f3n acad\u00e9mica, el F\u00edsico Emilio Moreno se posiciona como una opci\u00f3n de transformaci\u00f3n capaz de elevar la competitividad acad\u00e9mica de la universidad y fortalecer su papel como motor de movilidad social y desarrollo nacional.<br>A trav\u00e9s de una gesti\u00f3n transformadora orientada hacia la excelencia, busca posicionar a la Universidad de Panam\u00e1 como una instituci\u00f3n de clase mundial, comprometida con la innovaci\u00f3n y la responsabilidad social.<\/p>\n\n\n\n<p><\/p>\n","protected":false},"excerpt":{"rendered":"<p>El candidato a rector de la Universidad de Panam\u00e1, Dr. Emilio Moreno, present\u00f3 una agenda centrada en la transformaci\u00f3n acad\u00e9mica, la actualizaci\u00f3n institucional y una mayor vinculaci\u00f3n entre la educaci\u00f3n superior y el mercado laboral, en el marco del proceso electoral universitario.Moreno sostuvo que la principal casa de estudios del pa\u00eds requiere una gesti\u00f3n orientada [&hellip;]<\/p>\n","protected":false},"author":3,"featured_media":3777,"comment_status":"open","ping_status":"open","sticky":false,"template":"","format":"standard","meta":{"footnotes":""},"categories":[10],"tags":[54,64,55,67],"class_list":["post-3776","post","type-post","status-publish","format-standard","has-post-thumbnail","hentry","category-noticias","tag-masnoticiastv","tag-noticia","tag-panama","tag-salud"],"_links":{"self":[{"href":"https:\/\/masnoticiastv.com\/noticias\/wp-json\/wp\/v2\/posts\/3776","targetHints":{"allow":["GET"]}}],"collection":[{"href":"https:\/\/masnoticiastv.com\/noticias\/wp-json\/wp\/v2\/posts"}],"about":[{"href":"https:\/\/masnoticiastv.com\/noticias\/wp-json\/wp\/v2\/types\/post"}],"author":[{"embeddable":true,"href":"https:\/\/masnoticiastv.com\/noticias\/wp-json\/wp\/v2\/users\/3"}],"replies":[{"embeddable":true,"href":"https:\/\/masnoticiastv.com\/noticias\/wp-json\/wp\/v2\/comments?post=3776"}],"version-history":[{"count":1,"href":"https:\/\/masnoticiastv.com\/noticias\/wp-json\/wp\/v2\/posts\/3776\/revisions"}],"predecessor-version":[{"id":3778,"href":"https:\/\/masnoticiastv.com\/noticias\/wp-json\/wp\/v2\/posts\/3776\/revisions\/3778"}],"wp:featuredmedia":[{"embeddable":true,"href":"https:\/\/masnoticiastv.com\/noticias\/wp-json\/wp\/v2\/media\/3777"}],"wp:attachment":[{"href":"https:\/\/masnoticiastv.com\/noticias\/wp-json\/wp\/v2\/media?parent=3776"}],"wp:term":[{"taxonomy":"category","embeddable":true,"href":"https:\/\/masnoticiastv.com\/noticias\/wp-json\/wp\/v2\/categories?post=3776"},{"taxonomy":"post_tag","embeddable":true,"href":"https:\/\/masnoticiastv.com\/noticias\/wp-json\/wp\/v2\/tags?post=3776"}],"curies":[{"name":"wp","href":"https:\/\/api.w.org\/{rel}","templated":true}]}}