{"id":3789,"date":"2026-04-30T21:31:57","date_gmt":"2026-05-01T02:31:57","guid":{"rendered":"https:\/\/masnoticiastv.com\/noticias\/?p=3789"},"modified":"2026-04-30T21:31:57","modified_gmt":"2026-05-01T02:31:57","slug":"senniaf-reubica-a-11-jovenes-adultos-en-albergues-privados-en-la-ciudad-capital-para-garantizar-su-atencion-integral","status":"publish","type":"post","link":"https:\/\/masnoticiastv.com\/noticias\/senniaf-reubica-a-11-jovenes-adultos-en-albergues-privados-en-la-ciudad-capital-para-garantizar-su-atencion-integral\/","title":{"rendered":"SENNIAF REUBICA A 11 J\u00d3VENES ADULTOS EN ALBERGUES PRIVADOS EN LA CIUDAD CAPITAL PARA GARANTIZAR SU ATENCI\u00d3N INTEGRAL."},"content":{"rendered":"\n<p>La Secretar\u00eda Nacional de Ni\u00f1ez, Adolescencia y Familia (SENNIAF) informa que los 11 j\u00f3venes adultos que se encuentran bajo su protecci\u00f3n en el Campamento Guadalupano en Ant\u00f3n, han sido reubicados en albergues privados en la ciudad capital, donde continuar\u00e1n recibiendo atenci\u00f3n integral bajo la supervisi\u00f3n de la instituci\u00f3n.<\/p>\n\n\n\n<p>Este traslado fue posible gracias al apoyo del Ministerio de la Presidencia, Ministerio de Desarrollo Social (MIDES), Ministerio de Salud (MINSA) en coordinaci\u00f3n con SENNIAF, sumando esfuerzos para garantizar condiciones adecuadas de atenci\u00f3n y cuidado.<\/p>\n\n\n\n<p>Los centros seleccionados cuentan con instalaciones adecuadas, seguridad y personal capacitado, lo que permite brindar una atenci\u00f3n acorde a sus necesidades f\u00edsicas, m\u00e9dicas y psicosociales, en un entorno m\u00e1s especializado.<\/p>\n\n\n\n<p>Previo al traslado, los j\u00f3venes adultos fueron evaluados m\u00e9dicamente, a fin de asegurar que el proceso se realizara bajo criterios de salud y bienestar, resguardando en todo momento su integridad.<\/p>\n\n\n\n<p>Esta reubicaci\u00f3n responde a la necesidad de brindar espacios m\u00e1s adecuados para su atenci\u00f3n, al tiempo que se fortalecen las condiciones de convivencia y protecci\u00f3n en los centros donde residen ni\u00f1os, ni\u00f1as y adolescentes.<\/p>\n\n\n\n<p>SENNIAF reitera que estas personas contin\u00faan bajo su protecci\u00f3n y seguimiento, reafirmando su compromiso con la garant\u00eda de sus derechos y su bienestar integral.<\/p>\n","protected":false},"excerpt":{"rendered":"<p>La Secretar\u00eda Nacional de Ni\u00f1ez, Adolescencia y Familia (SENNIAF) informa que los 11 j\u00f3venes adultos que se encuentran bajo su protecci\u00f3n en el Campamento Guadalupano en Ant\u00f3n, han sido reubicados en albergues privados en la ciudad capital, donde continuar\u00e1n recibiendo atenci\u00f3n integral bajo la supervisi\u00f3n de la instituci\u00f3n. Este traslado fue posible gracias al apoyo [&hellip;]<\/p>\n","protected":false},"author":3,"featured_media":3790,"comment_status":"open","ping_status":"open","sticky":false,"template":"","format":"standard","meta":{"footnotes":""},"categories":[10],"tags":[54,64,55],"class_list":["post-3789","post","type-post","status-publish","format-standard","has-post-thumbnail","hentry","category-noticias","tag-masnoticiastv","tag-noticia","tag-panama"],"_links":{"self":[{"href":"https:\/\/masnoticiastv.com\/noticias\/wp-json\/wp\/v2\/posts\/3789","targetHints":{"allow":["GET"]}}],"collection":[{"href":"https:\/\/masnoticiastv.com\/noticias\/wp-json\/wp\/v2\/posts"}],"about":[{"href":"https:\/\/masnoticiastv.com\/noticias\/wp-json\/wp\/v2\/types\/post"}],"author":[{"embeddable":true,"href":"https:\/\/masnoticiastv.com\/noticias\/wp-json\/wp\/v2\/users\/3"}],"replies":[{"embeddable":true,"href":"https:\/\/masnoticiastv.com\/noticias\/wp-json\/wp\/v2\/comments?post=3789"}],"version-history":[{"count":1,"href":"https:\/\/masnoticiastv.com\/noticias\/wp-json\/wp\/v2\/posts\/3789\/revisions"}],"predecessor-version":[{"id":3791,"href":"https:\/\/masnoticiastv.com\/noticias\/wp-json\/wp\/v2\/posts\/3789\/revisions\/3791"}],"wp:featuredmedia":[{"embeddable":true,"href":"https:\/\/masnoticiastv.com\/noticias\/wp-json\/wp\/v2\/media\/3790"}],"wp:attachment":[{"href":"https:\/\/masnoticiastv.com\/noticias\/wp-json\/wp\/v2\/media?parent=3789"}],"wp:term":[{"taxonomy":"category","embeddable":true,"href":"https:\/\/masnoticiastv.com\/noticias\/wp-json\/wp\/v2\/categories?post=3789"},{"taxonomy":"post_tag","embeddable":true,"href":"https:\/\/masnoticiastv.com\/noticias\/wp-json\/wp\/v2\/tags?post=3789"}],"curies":[{"name":"wp","href":"https:\/\/api.w.org\/{rel}","templated":true}]}}