{"id":4093,"date":"2026-08-31T16:43:17","date_gmt":"2026-08-31T21:43:17","guid":{"rendered":"https:\/\/masnoticiastv.com\/noticias\/?p=4093"},"modified":"2026-08-31T16:43:17","modified_gmt":"2026-08-31T21:43:17","slug":"liderazgo-innovacion-y-sabor-nacido-en-chiriqui","status":"publish","type":"post","link":"https:\/\/masnoticiastv.com\/noticias\/liderazgo-innovacion-y-sabor-nacido-en-chiriqui\/","title":{"rendered":"liderazgo, innovaci\u00f3n y sabor nacido en Chiriqu\u00ed"},"content":{"rendered":"\n<p class=\"wp-block-paragraph\">La historia de una empresa liderada con esfuerzo, perseverancia y la visi\u00f3n de una mujer.<\/p>\n\n\n\n<p class=\"wp-block-paragraph\">En Monte Lirio, Renacimiento, Chiriqu\u00ed, Sara Pitt\u00ed encontr\u00f3 en el pl\u00e1tano m\u00e1s que un cultivo; vio una oportunidad para emprender. Lo que comenz\u00f3 de manera artesanal fue creciendo hasta convertirse en Alimentos Monte Lirio, empresa responsable de la marca Platanitos Tropicales.<\/p>\n\n\n\n<p class=\"wp-block-paragraph\">Detr\u00e1s de este crecimiento hay una historia de esfuerzo y sacrificio. Pitt\u00ed apost\u00f3 por transformar una materia prima de su comunidad en productos con valor agregado, chiricano impulsando el desarrollo de su regi\u00f3n y construyendo una empresa s\u00f3lida desde el coraz\u00f3n del campo chiricano.<\/p>\n\n\n\n<p class=\"wp-block-paragraph\">Hoy, Platanitos Tropicales cuenta con diferentes variedades de platanitos y productos derivados de la yuca, llevando el sabor de una comunidad chiricana a nuevos consumidores.<\/p>\n\n\n\n<p class=\"wp-block-paragraph\">El impulso de Mujer Exporta<\/p>\n\n\n\n<p class=\"wp-block-paragraph\">El siguiente paso fue mirar m\u00e1s all\u00e1 del mercado local.<\/p>\n\n\n\n<p class=\"wp-block-paragraph\">Sara Pitt\u00ed forma parte del programa Mujer Exporta, del Ministerio de Comercio e Industrias (MICI), que brinda capacitaci\u00f3n, asesor\u00eda, mentor\u00eda y herramientas para fortalecer empresas lideradas por mujeres y prepararlas para la expansi\u00f3n internacional.<\/p>\n\n\n\n<figure class=\"wp-block-gallery has-nested-images columns-default is-cropped wp-block-gallery-1 is-layout-flex wp-block-gallery-is-layout-flex\">\n<figure class=\"wp-block-image size-large\"><a href=\"https:\/\/masnoticiastv.com\/noticias\/wp-content\/uploads\/2026\/08\/1002595911.jpg\"><img fetchpriority=\"high\" decoding=\"async\" width=\"461\" height=\"1024\" data-id=\"4095\" src=\"https:\/\/masnoticiastv.com\/noticias\/wp-content\/uploads\/2026\/08\/1002595911-461x1024.jpg\" alt=\"\" class=\"wp-image-4095\" srcset=\"https:\/\/masnoticiastv.com\/noticias\/wp-content\/uploads\/2026\/08\/1002595911-461x1024.jpg 461w, https:\/\/masnoticiastv.com\/noticias\/wp-content\/uploads\/2026\/08\/1002595911-135x300.jpg 135w, https:\/\/masnoticiastv.com\/noticias\/wp-content\/uploads\/2026\/08\/1002595911-691x1536.jpg 691w, https:\/\/masnoticiastv.com\/noticias\/wp-content\/uploads\/2026\/08\/1002595911-600x1333.jpg 600w, https:\/\/masnoticiastv.com\/noticias\/wp-content\/uploads\/2026\/08\/1002595911.jpg 720w\" sizes=\"(max-width: 461px) 100vw, 461px\" \/><\/a><\/figure>\n\n\n\n\n\n<figure class=\"wp-block-image size-full\"><a href=\"https:\/\/masnoticiastv.com\/noticias\/wp-content\/uploads\/2026\/08\/1002595909.jpg\"><img decoding=\"async\" width=\"1200\" height=\"1600\" data-id=\"4097\" src=\"https:\/\/masnoticiastv.com\/noticias\/wp-content\/uploads\/2026\/08\/1002595909.jpg\" alt=\"\" class=\"wp-image-4097\" srcset=\"https:\/\/masnoticiastv.com\/noticias\/wp-content\/uploads\/2026\/08\/1002595909.jpg 1200w, https:\/\/masnoticiastv.com\/noticias\/wp-content\/uploads\/2026\/08\/1002595909-600x800.jpg 600w\" sizes=\"(max-width: 1200px) 100vw, 1200px\" \/><\/a><\/figure>\n<\/figure>\n\n\n\n<p class=\"wp-block-paragraph\">Para Pitt\u00ed, este acompa\u00f1amiento represent\u00f3 una oportunidad para fortalecer su negocio, ampliar su visi\u00f3n empresarial y prepararse para llegar a nuevos mercados.<\/p>\n\n\n\n<p class=\"wp-block-paragraph\">As\u00ed, una empresa nacida en Monte Lirio comenz\u00f3 a mirar hacia un escenario mucho m\u00e1s amplio: demostrar que un producto hecho en Chiriqu\u00ed tambi\u00e9n puede competir fuera de Panam\u00e1.<\/p>\n\n\n\n<p class=\"wp-block-paragraph\">El esfuerzo de a\u00f1os tuvo un momento especial en 2026, cuando Sara Pitt\u00ed fue reconocida como Empresaria del A\u00f1o 2026 en los WISS Latam Panam\u00e1 Awards, distinci\u00f3n que reconoce su trayectoria y liderazgo empresarial.<\/p>\n\n\n\n<p class=\"wp-block-paragraph\">El reconocimiento se suma a otro logro obtenido este a\u00f1o: Pitt\u00ed tambi\u00e9n fue distinguida como Productora del A\u00f1o por la Universidad Tecnol\u00f3gica OTEIMA.<\/p>\n\n\n\n<p class=\"wp-block-paragraph\">M\u00e1s que un premio personal, estos reconocimientos representan el esfuerzo de una mujer, de una empresa y de una comunidad que apostaron por transformar la producci\u00f3n local en una oportunidad de crecimiento.<\/p>\n\n\n\n<p class=\"wp-block-paragraph\">Una historia que contin\u00faa<\/p>\n\n\n\n<p class=\"wp-block-paragraph\">Pero esta historia est\u00e1 lejos de terminar. Cada logro alcanzado abre la puerta a nuevos retos y oportunidades.<\/p>\n\n\n\n<p class=\"wp-block-paragraph\">Hoy, Sara Pitt\u00ed enfrenta un nuevo desaf\u00edo: seguir fortaleciendo Alimentos Monte Lirio, conquistar nuevos mercados y demostrar que desde una comunidad rural tambi\u00e9n se pueden construir empresas con visi\u00f3n internacional.<\/p>\n\n\n\n<p class=\"wp-block-paragraph\">Su historia comenz\u00f3 con un producto de su tierra, pero termin\u00f3 convirti\u00e9ndose en algo mucho m\u00e1s grande. No solo transform\u00f3 pl\u00e1tanos. Transform\u00f3 una oportunidad en una empresa y una idea nacida en Monte Lirio en una historia que hoy mira hacia el mundo.<\/p>\n\n\n\n<p class=\"wp-block-paragraph\">Una historia que lleva consigo el esfuerzo de su gente, el sabor de Chiriqu\u00ed y el orgullo de ser un producto Hecho en Panam\u00e1.<\/p>\n","protected":false},"excerpt":{"rendered":"<p>La historia de una empresa liderada con esfuerzo, perseverancia y la visi\u00f3n de una mujer. En Monte Lirio, Renacimiento, Chiriqu\u00ed, Sara Pitt\u00ed encontr\u00f3 en el pl\u00e1tano m\u00e1s que un cultivo; vio una oportunidad para emprender. Lo que comenz\u00f3 de manera artesanal fue creciendo hasta convertirse en Alimentos Monte Lirio, empresa responsable de la marca Platanitos [&hellip;]<\/p>\n","protected":false},"author":3,"featured_media":4094,"comment_status":"open","ping_status":"open","sticky":false,"template":"","format":"standard","meta":{"footnotes":""},"categories":[10,14],"tags":[],"class_list":["post-4093","post","type-post","status-publish","format-standard","has-post-thumbnail","hentry","category-noticias","category-lanzamientos"],"_links":{"self":[{"href":"https:\/\/masnoticiastv.com\/noticias\/wp-json\/wp\/v2\/posts\/4093","targetHints":{"allow":["GET"]}}],"collection":[{"href":"https:\/\/masnoticiastv.com\/noticias\/wp-json\/wp\/v2\/posts"}],"about":[{"href":"https:\/\/masnoticiastv.com\/noticias\/wp-json\/wp\/v2\/types\/post"}],"author":[{"embeddable":true,"href":"https:\/\/masnoticiastv.com\/noticias\/wp-json\/wp\/v2\/users\/3"}],"replies":[{"embeddable":true,"href":"https:\/\/masnoticiastv.com\/noticias\/wp-json\/wp\/v2\/comments?post=4093"}],"version-history":[{"count":1,"href":"https:\/\/masnoticiastv.com\/noticias\/wp-json\/wp\/v2\/posts\/4093\/revisions"}],"predecessor-version":[{"id":4098,"href":"https:\/\/masnoticiastv.com\/noticias\/wp-json\/wp\/v2\/posts\/4093\/revisions\/4098"}],"wp:featuredmedia":[{"embeddable":true,"href":"https:\/\/masnoticiastv.com\/noticias\/wp-json\/wp\/v2\/media\/4094"}],"wp:attachment":[{"href":"https:\/\/masnoticiastv.com\/noticias\/wp-json\/wp\/v2\/media?parent=4093"}],"wp:term":[{"taxonomy":"category","embeddable":true,"href":"https:\/\/masnoticiastv.com\/noticias\/wp-json\/wp\/v2\/categories?post=4093"},{"taxonomy":"post_tag","embeddable":true,"href":"https:\/\/masnoticiastv.com\/noticias\/wp-json\/wp\/v2\/tags?post=4093"}],"curies":[{"name":"wp","href":"https:\/\/api.w.org\/{rel}","templated":true}]}}