{"id":4106,"date":"2026-08-31T14:12:13","date_gmt":"2026-08-31T19:12:13","guid":{"rendered":"https:\/\/masnoticiastv.com\/noticias\/?p=4106"},"modified":"2026-09-02T14:15:32","modified_gmt":"2026-09-02T19:15:32","slug":"el-cancer-de-pulmon-sigue-siendo-la-principal-causa-de-muerte-por-cancer-la-deteccion-temprana-es-clave-para-cambiar-esta-realidad","status":"publish","type":"post","link":"https:\/\/masnoticiastv.com\/noticias\/el-cancer-de-pulmon-sigue-siendo-la-principal-causa-de-muerte-por-cancer-la-deteccion-temprana-es-clave-para-cambiar-esta-realidad\/","title":{"rendered":"El c\u00e1ncer de pulm\u00f3n sigue siendo la principal causa de muerte por c\u00e1ncer: la detecci\u00f3n temprana es clave para cambiar esta realidad"},"content":{"rendered":"\n<p class=\"wp-block-paragraph\">\u2022\tPromover la prevenci\u00f3n, reconocer las se\u00f1ales de alerta y acceder a un diagn\u00f3stico oportuno ampl\u00eda las oportunidades de tratamiento frente al c\u00e1ncer de pulm\u00f3n.<\/p>\n\n\n\n<p class=\"wp-block-paragraph\">\u2022\tEl diagn\u00f3stico tard\u00edo incrementa la carga para los pacientes, sus familias y los sistemas de salud. <\/p>\n\n\n\n<p class=\"wp-block-paragraph\">El c\u00e1ncer de pulm\u00f3n contin\u00faa siendo uno de los mayores desaf\u00edos para la salud p\u00fablica a nivel mundial. <\/p>\n\n\n\n<p class=\"wp-block-paragraph\">De acuerdo con los \u00faltimos registros publicados, anualmente se reportan alrededor de 2,48 millones de nuevos casos y 1,82 millones de muertes, lo que lo convirti\u00f3 en el c\u00e1ncer m\u00e1s diagnosticado y en la principal causa de muerte por c\u00e1ncer, mostrando el impacto de una identificaci\u00f3n tard\u00eda y provocando que la supervivencia a cinco a\u00f1os sea menor que la de otros tipos de c\u00e1ncer.<\/p>\n\n\n\n<p class=\"wp-block-paragraph\">Ante esta realidad, la prevenci\u00f3n y el diagn\u00f3stico oportuno son aspectos fundamentales para mejorar las oportunidades de tratamiento y reducir el impacto de esta patolog\u00eda, ya que un porcentaje importante de los casos puede prevenirse y, cuando la enfermedad se detecta a tiempo, los pacientes pueden acceder a tratamientos cada vez m\u00e1s precisos y efectivos.<\/p>\n\n\n\n<p class=\"wp-block-paragraph\">Lograrlo requiere un abordaje integral que combine estrategias de prevenci\u00f3n con acciones para promover la detecci\u00f3n oportuna, mediante el fortalecimiento de las pol\u00edticas de control del tabaco, promover ambientes libres de humo y reducir la exposici\u00f3n a contaminantes y riesgos ocupacionales.<\/p>\n\n\n\n<p class=\"wp-block-paragraph\">Aunque el tabaquismo contin\u00faa siendo el principal factor de riesgo, el c\u00e1ncer de pulm\u00f3n no es una enfermedad exclusiva de las personas fumadoras. Entre el 15% y el 20% de los casos se presentan en personas que nunca han fumado.  A pesar de ello, el estigma que a\u00fan rodea a esta enfermedad puede llevar a que algunas personas minimicen los s\u00edntomas o retrasen la consulta m\u00e9dica, limitando las oportunidades de un diagn\u00f3stico oportuno y de acceso al tratamiento. \u00abLa investigaci\u00f3n cient\u00edfica contin\u00faa transformando el abordaje del c\u00e1ncer de pulm\u00f3n y hoy permite contar con opciones terap\u00e9uticas que ampl\u00edan las oportunidades para los pacientes. No obstante, estos avances deben ir acompa\u00f1ados de una mayor conciencia sobre los factores de riesgo, las se\u00f1ales de alerta y la importancia de un diagn\u00f3stico oportuno, ya que esto puede marcar una diferencia en la atenci\u00f3n de la enfermedad \u00ab, se\u00f1al\u00f3 el Dr. Andr\u00e9s Rojas, Director M\u00e9dico de AstraZeneca para Centroam\u00e9rica y Caribe. Desde una perspectiva econ\u00f3mica, el c\u00e1ncer de pulm\u00f3n tambi\u00e9n representa un importante desaf\u00edo. De acuerdo con estimaciones para Am\u00e9rica Latina, los costos directos e indirectos de esta enfermedad superan los US$1.5 mil millones al a\u00f1o, lo que equivale a cerca del 0,6% del gasto total en salud. Adem\u00e1s, la enfermedad avanzada concentra mayores costos para los sistemas de salud debido a la complejidad de los tratamientos, las hospitalizaciones y la atenci\u00f3n m\u00e9dica complementaria que muchos pacientes requieren. En este contexto, la detecci\u00f3n temprana y el acceso al tratamiento representan una inversi\u00f3n que puede contribuir a reducir parte de la carga cl\u00ednica, familiar y econ\u00f3mica asociada al c\u00e1ncer de pulm\u00f3n avanzado.Reconocer s\u00edntomas persistentes y consultar oportunamente al m\u00e9dico es fundamental para favorecer una detecci\u00f3n temprana. Entre los s\u00edntomas se encuentran la tos persistente, la presencia de sangre al toser, la falta de aire, dolor en el pecho, la p\u00e9rdida involuntaria de peso, el cansancio extremo o las infecciones respiratorias recurrentes.  Adem\u00e1s, en las personas con alto riesgo, especialmente fumadores o exfumadores con antecedentes importantes de consumo, los programas de tamizaje mediante tomograf\u00eda computarizada de baja dosis han demostrado reducir la mortalidad por c\u00e1ncer de pulm\u00f3n. Su implementaci\u00f3n requiere identificar adecuadamente a la poblaci\u00f3n elegible y garantizar el seguimiento y la atenci\u00f3n oportuna de los casos detectados.El diagn\u00f3stico no solo busca confirmar la presencia de la enfermedad, sino tambi\u00e9n caracterizarla adecuadamente para orientar las decisiones terap\u00e9uticas. Para ello pueden emplearse estudios de imagen, broncoscopias (un procedimiento que permite observar el interior de las v\u00edas respiratorias y los pulmones), an\u00e1lisis del tejido tumoral y pruebas moleculares que permiten obtener la informaci\u00f3n necesaria para definir el tratamiento m\u00e1s adecuado para cada paciente.Contar con esta informaci\u00f3n resulta clave, ya que las alternativas terap\u00e9uticas disponibles dependen, en gran medida, de las caracter\u00edsticas del tumor y de la etapa en la que se detecte la enfermedad. En la actualidad, los tratamientos han evolucionado de manera significativa, ofreciendo nuevas oportunidades para prolongar la supervivencia, controlar los s\u00edntomas y mejorar la calidad de vida de los pacientes.\u201cEl c\u00e1ncer de pulm\u00f3n debe abordarse como una prioridad sanitaria, social y econ\u00f3mica. Si bien en la regi\u00f3n se han logrado avances importantes, todav\u00eda existen desaf\u00edos para fortalecer el acceso oportuno al diagn\u00f3stico y a herramientas como los estudios de imagen y las pruebas especializadas, que son fundamentales para caracterizar la enfermedad y definir el tratamiento m\u00e1s adecuado para cada paciente, a\u00f1adi\u00f3 el Dr. Rojas.Frente a una enfermedad que contin\u00faa teniendo un alto impacto en la salud de millones de personas, la prevenci\u00f3n, promover la consulta temprana ante se\u00f1ales de alerta y facilitar el acceso a una atenci\u00f3n integral y oportuna representan pasos fundamentales para mejorar los resultados en los pacientes y reducir la carga que el c\u00e1ncer de pulm\u00f3n genera en las familias y los sistemas de salud.<\/p>\n","protected":false},"excerpt":{"rendered":"<p>\u2022 Promover la prevenci\u00f3n, reconocer las se\u00f1ales de alerta y acceder a un diagn\u00f3stico oportuno ampl\u00eda las oportunidades de tratamiento frente al c\u00e1ncer de pulm\u00f3n. \u2022 El diagn\u00f3stico tard\u00edo incrementa la carga para los pacientes, sus familias y los sistemas de salud. El c\u00e1ncer de pulm\u00f3n contin\u00faa siendo uno de los mayores desaf\u00edos para la [&hellip;]<\/p>\n","protected":false},"author":3,"featured_media":4107,"comment_status":"open","ping_status":"open","sticky":false,"template":"","format":"standard","meta":{"footnotes":""},"categories":[10],"tags":[],"class_list":["post-4106","post","type-post","status-publish","format-standard","has-post-thumbnail","hentry","category-noticias"],"_links":{"self":[{"href":"https:\/\/masnoticiastv.com\/noticias\/wp-json\/wp\/v2\/posts\/4106","targetHints":{"allow":["GET"]}}],"collection":[{"href":"https:\/\/masnoticiastv.com\/noticias\/wp-json\/wp\/v2\/posts"}],"about":[{"href":"https:\/\/masnoticiastv.com\/noticias\/wp-json\/wp\/v2\/types\/post"}],"author":[{"embeddable":true,"href":"https:\/\/masnoticiastv.com\/noticias\/wp-json\/wp\/v2\/users\/3"}],"replies":[{"embeddable":true,"href":"https:\/\/masnoticiastv.com\/noticias\/wp-json\/wp\/v2\/comments?post=4106"}],"version-history":[{"count":1,"href":"https:\/\/masnoticiastv.com\/noticias\/wp-json\/wp\/v2\/posts\/4106\/revisions"}],"predecessor-version":[{"id":4108,"href":"https:\/\/masnoticiastv.com\/noticias\/wp-json\/wp\/v2\/posts\/4106\/revisions\/4108"}],"wp:featuredmedia":[{"embeddable":true,"href":"https:\/\/masnoticiastv.com\/noticias\/wp-json\/wp\/v2\/media\/4107"}],"wp:attachment":[{"href":"https:\/\/masnoticiastv.com\/noticias\/wp-json\/wp\/v2\/media?parent=4106"}],"wp:term":[{"taxonomy":"category","embeddable":true,"href":"https:\/\/masnoticiastv.com\/noticias\/wp-json\/wp\/v2\/categories?post=4106"},{"taxonomy":"post_tag","embeddable":true,"href":"https:\/\/masnoticiastv.com\/noticias\/wp-json\/wp\/v2\/tags?post=4106"}],"curies":[{"name":"wp","href":"https:\/\/api.w.org\/{rel}","templated":true}]}}