{"id":4109,"date":"2026-08-27T14:16:12","date_gmt":"2026-08-27T19:16:12","guid":{"rendered":"https:\/\/masnoticiastv.com\/noticias\/?p=4109"},"modified":"2026-09-02T14:18:57","modified_gmt":"2026-09-02T19:18:57","slug":"ikea-abrira-su-primera-tienda-fisica-en-panama-en-el-centro-comercial-altaplaza-mall","status":"publish","type":"post","link":"https:\/\/masnoticiastv.com\/noticias\/ikea-abrira-su-primera-tienda-fisica-en-panama-en-el-centro-comercial-altaplaza-mall\/","title":{"rendered":"IKEA abrir\u00e1 su primera tienda f\u00edsica en Panam\u00e1 en el Centro Comercial AltaPlaza Mall"},"content":{"rendered":"\n<p class=\"wp-block-paragraph\">\u2022      La reconocida marca internacional de muebles y decoraci\u00f3n para el hogar fortalece su propuesta comercial con su llegada al mercado paname\u00f1o.<\/p>\n\n\n\n<p class=\"wp-block-paragraph\">AltaPlaza Mall anuncia con gran entusiasmo la llegada de IKEA, una de las marcas de muebles y decoraci\u00f3n para el hogar m\u00e1s reconocidas a nivel mundial, que ha escogido a este centro comercial como la ubicaci\u00f3n estrat\u00e9gica para  la apertura de su primera tienda f\u00edsica abierta al p\u00fablico en la Ciudad de Panam\u00e1.<\/p>\n\n\n\n<p class=\"wp-block-paragraph\">Para AltaPlaza Mall, la llegada de IKEA representa un importante voto de confianza y un hito dentro de la evoluci\u00f3n de su propuesta comercial. La incorporaci\u00f3n de una marca de esta trayectoria y reconocimiento internacional fortalece la oferta del centro comercial de continuar sumando conceptos relevantes e innovadores que  respondan a las nuevas expectativas de los consumidores.\u201cLa llegada de IKEA representa un momento muy significativo para AltaPlaza Mall y para el proceso de evoluci\u00f3n y crecimiento que venimos impulsando. Nos llena de entusiasmo seguir fortaleciendo nuestra oferta con marcas y conceptos que conecten con las necesidades de nuestros visitantes y que nos permitan continuar consolid\u00e1ndonos como un destino integral de compras, entretenimiento y experiencias\u201dexpres\u00f3 Jessica Sol\u00eds Osorio, Gerente General de AltaPlaza Mall.<\/p>\n\n\n\n<p class=\"wp-block-paragraph\">Con su llegada, IKEA acercar\u00e1 a los consumidores paname\u00f1os a su propuesta de dise\u00f1o, funcionalidad, calidad y precios accesibles, con soluciones pensadas para mejorar la vida diaria en el hogar, incorporando una nueva experiencia f\u00edsica que formar\u00e1 parte de la oferta de AltaPlaza Mall.\u201cEstamos muy emocionados por lo que viene. Para nosotros es un privilegio poder ser parte de este nuevo cap\u00edtulo de IKEA en Panam\u00e1 y, sobre todo, poder ofrecerles a nuestros visitantes y a todos los paname\u00f1os la oportunidad de disfrutar de una propuesta que cuenta con reconocimiento y trayectoria internacional. Agradecemos profundamente a IKEA por la confianza depositada en AltaPlaza Mall\u201d, agreg\u00f3 Sol\u00eds.<\/p>\n\n\n\n<p class=\"wp-block-paragraph\">Esta incorporaci\u00f3n forma parte del proceso de evoluci\u00f3n y fortalecimiento de AltaPlaza Mall, que contin\u00faa apostando por una mezcla comercial din\u00e1mica y diversa, incorporando marcas y conceptos que complementan su oferta de compras ,gastronom\u00eda, entretenimiento, servicios y experiencias.<\/p>\n\n\n\n<p class=\"wp-block-paragraph\">La llegada de IKEA marca as\u00ed una nueva etapa que AltaPlaza Mall espera ir compartiendo, paso a paso, con Panam\u00e1. <\/p>\n","protected":false},"excerpt":{"rendered":"<p>\u2022 La reconocida marca internacional de muebles y decoraci\u00f3n para el hogar fortalece su propuesta comercial con su llegada al mercado paname\u00f1o. AltaPlaza Mall anuncia con gran entusiasmo la llegada de IKEA, una de las marcas de muebles y decoraci\u00f3n para el hogar m\u00e1s reconocidas a nivel mundial, que ha escogido a este centro comercial [&hellip;]<\/p>\n","protected":false},"author":3,"featured_media":4110,"comment_status":"open","ping_status":"open","sticky":false,"template":"","format":"standard","meta":{"footnotes":""},"categories":[10,14],"tags":[],"class_list":["post-4109","post","type-post","status-publish","format-standard","has-post-thumbnail","hentry","category-noticias","category-lanzamientos"],"_links":{"self":[{"href":"https:\/\/masnoticiastv.com\/noticias\/wp-json\/wp\/v2\/posts\/4109","targetHints":{"allow":["GET"]}}],"collection":[{"href":"https:\/\/masnoticiastv.com\/noticias\/wp-json\/wp\/v2\/posts"}],"about":[{"href":"https:\/\/masnoticiastv.com\/noticias\/wp-json\/wp\/v2\/types\/post"}],"author":[{"embeddable":true,"href":"https:\/\/masnoticiastv.com\/noticias\/wp-json\/wp\/v2\/users\/3"}],"replies":[{"embeddable":true,"href":"https:\/\/masnoticiastv.com\/noticias\/wp-json\/wp\/v2\/comments?post=4109"}],"version-history":[{"count":1,"href":"https:\/\/masnoticiastv.com\/noticias\/wp-json\/wp\/v2\/posts\/4109\/revisions"}],"predecessor-version":[{"id":4111,"href":"https:\/\/masnoticiastv.com\/noticias\/wp-json\/wp\/v2\/posts\/4109\/revisions\/4111"}],"wp:featuredmedia":[{"embeddable":true,"href":"https:\/\/masnoticiastv.com\/noticias\/wp-json\/wp\/v2\/media\/4110"}],"wp:attachment":[{"href":"https:\/\/masnoticiastv.com\/noticias\/wp-json\/wp\/v2\/media?parent=4109"}],"wp:term":[{"taxonomy":"category","embeddable":true,"href":"https:\/\/masnoticiastv.com\/noticias\/wp-json\/wp\/v2\/categories?post=4109"},{"taxonomy":"post_tag","embeddable":true,"href":"https:\/\/masnoticiastv.com\/noticias\/wp-json\/wp\/v2\/tags?post=4109"}],"curies":[{"name":"wp","href":"https:\/\/api.w.org\/{rel}","templated":true}]}}