{"id":4112,"date":"2026-08-26T15:22:00","date_gmt":"2026-08-26T20:22:00","guid":{"rendered":"https:\/\/masnoticiastv.com\/noticias\/?p=4112"},"modified":"2026-09-02T14:26:45","modified_gmt":"2026-09-02T19:26:45","slug":"gairimar-cano-presento-cuando-las-pantallas-invaden-nuestras-familias-un-manual-para-criar-y-proteger-en-la-era-digital","status":"publish","type":"post","link":"https:\/\/masnoticiastv.com\/noticias\/gairimar-cano-presento-cuando-las-pantallas-invaden-nuestras-familias-un-manual-para-criar-y-proteger-en-la-era-digital\/","title":{"rendered":"Gairimar Cano present\u00f3 \u201cCuando las pantallas invaden nuestras familias\u201d, un manual para criar y proteger en la era digital"},"content":{"rendered":"\n<p class=\"wp-block-paragraph\">\u00bfQu\u00e9 har\u00eda si, a altas horas de la noche, su hija adolescente lo llamara llorando porque una fotograf\u00eda \u00edntima circula sin su consentimiento entre toda la comunidad escolar?Esa escena o el temor fundado de que pueda ocurrir es el punto de partida de \u201cCuando las pantallas invaden nuestras familias\u201d, el nuevo libro de la investigadora, conferencista y especialista en crianza efectiva en la era digital Gairimar Cano.La obra nace de una realidad que cada vez preocupa m\u00e1s a las familias: ni\u00f1as, ni\u00f1os y adolescentes est\u00e1n creciendo en un entorno donde las pantallas, las redes sociales y la tecnolog\u00eda forman parte de pr\u00e1cticamente todos los espacios de su vida.<\/p>\n\n\n\n<p class=\"wp-block-paragraph\">Cano no aborda esta realidad desde la especulaci\u00f3n te\u00f3rica ni desde la distancia acad\u00e9mica. Su propuesta parte de la experiencia cotidiana y de los casos de familias que han enfrentado situaciones de vulnerabilidad relacionadas con el entorno digital. Los casos que se relatan en el libro son reales. Los nombres y algunos elementos fueron modificados para preservar la intimidad de sus protagonistas.<\/p>\n\n\n\n<p class=\"wp-block-paragraph\">A lo largo de 17 cap\u00edtulos, la autora presenta un manual pr\u00e1ctico que acompa\u00f1a a madres y padres desde una de las primeras decisiones de la crianza digital, la conversaci\u00f3n sobre la entrega del primer tel\u00e9fono m\u00f3vil, hasta los protocolos de actuaci\u00f3n frente a situaciones de riesgo como el grooming, la sextorsi\u00f3n, el ciberacoso, la dependencia de las pantallas, el sharenting y la monetizaci\u00f3n de la infancia.<\/p>\n\n\n\n<figure class=\"wp-block-gallery has-nested-images columns-default is-cropped wp-block-gallery-1 is-layout-flex wp-block-gallery-is-layout-flex\">\n<figure class=\"wp-block-image size-large\"><a href=\"https:\/\/masnoticiastv.com\/noticias\/wp-content\/uploads\/2026\/09\/IMG-20260828-WA0218.jpg\"><img fetchpriority=\"high\" decoding=\"async\" width=\"768\" height=\"1024\" data-id=\"4113\" src=\"https:\/\/masnoticiastv.com\/noticias\/wp-content\/uploads\/2026\/09\/IMG-20260828-WA0218-768x1024.jpg\" alt=\"\" class=\"wp-image-4113\" srcset=\"https:\/\/masnoticiastv.com\/noticias\/wp-content\/uploads\/2026\/09\/IMG-20260828-WA0218-768x1024.jpg 768w, https:\/\/masnoticiastv.com\/noticias\/wp-content\/uploads\/2026\/09\/IMG-20260828-WA0218-225x300.jpg 225w, https:\/\/masnoticiastv.com\/noticias\/wp-content\/uploads\/2026\/09\/IMG-20260828-WA0218-1152x1536.jpg 1152w, https:\/\/masnoticiastv.com\/noticias\/wp-content\/uploads\/2026\/09\/IMG-20260828-WA0218-600x800.jpg 600w, https:\/\/masnoticiastv.com\/noticias\/wp-content\/uploads\/2026\/09\/IMG-20260828-WA0218.jpg 1200w\" sizes=\"(max-width: 768px) 100vw, 768px\" \/><\/a><\/figure>\n<\/figure>\n\n\n\n<p class=\"wp-block-paragraph\">Cada cap\u00edtulo proporciona herramientas concretas para que las familias puedan actuar, prevenir y acompa\u00f1ar a sus hijos.<\/p>\n\n\n\n<p class=\"wp-block-paragraph\">Gairimar Cano busca que esta obra se convierta en una herramienta cercana para familias que muchas veces se enfrentan a situaciones para las cuales no se sienten preparadas.\u201cSomos la primera generaci\u00f3n de madres y padres que cr\u00eda a sus hijos en la era digital. Nadie nos prepar\u00f3 para ello y, sin embargo, aqu\u00ed estamos\u201d, dijo Gairimar Cano, autora del libro. \u201cCuando las pantallas invaden nuestras familias\u201d no plantea la tecnolog\u00eda como un enemigo ni propone soluciones basadas \u00fanicamente en prohibiciones.<\/p>\n\n\n\n<p class=\"wp-block-paragraph\">Por el contrario, invita a madres y padres a comprender el entorno digital, establecer l\u00edmites conscientes, reconocer se\u00f1ales de alerta y, sobre todo, mantener abiertos los canales de comunicaci\u00f3n con sus hijos.Desde las cenas familiares en las que el alimento se enfr\u00eda mientras una tableta permanece encendida, hasta situaciones mucho m\u00e1s complejas como la difusi\u00f3n no consentida de im\u00e1genes \u00edntimas, la obra pone sobre la mesa conversaciones que muchas familias necesitan tener antes de que sea demasiado tarde.<\/p>\n\n\n\n<p class=\"wp-block-paragraph\">El lanzamiento oficial de la obra se realizar\u00e1 en la Feria Internacional del Libro  de Panam\u00e1 el 28 de agosto  a las 4:00 p.m., donde Gairimar Cano compartir\u00e1 las principales reflexiones de su libro y las herramientas que propone para afrontar de manera consciente los desaf\u00edos de la crianza en la era digital.<\/p>\n\n\n\n<p class=\"wp-block-paragraph\">El libro se puede adquirir  en la Feria Internacional del Libro en la editorial de Panhouse y por Amazon. Sobre la Autora: Gairimar Cano es doctora y mag\u00edster en Gesti\u00f3n para la Creaci\u00f3n Intelectual, especialista en alfabetizaci\u00f3n digital, ha dedicado su trayectoria a la protecci\u00f3n de ni\u00f1as, ni\u00f1os y adolescentes frente a los riesgos del entorno tecnol\u00f3gico.<\/p>\n\n\n\n<p class=\"wp-block-paragraph\">Es fundadora del proyecto Ni\u00f1ez y Adolescencia sin Heridas y cuenta con experiencia en los \u00e1mbitos judicial y educativo, adem\u00e1s de haber dirigido organizaciones dedicadas a la protecci\u00f3n de la infancia.Su trabajo la ha convertido en una voz de referencia para la comunidad hispanohablante en temas de protecci\u00f3n digital, crianza consciente y bienestar familiar.<\/p>\n\n\n\n<p class=\"wp-block-paragraph\">A esta experiencia profesional se suma su realidad como madre de cuatro hijos, donde tambi\u00e9n comprende los desaf\u00edos que implica acompa\u00f1ar a una familia en un mundo en constante transformaci\u00f3n tecnol\u00f3gica.<\/p>\n","protected":false},"excerpt":{"rendered":"<p>\u00bfQu\u00e9 har\u00eda si, a altas horas de la noche, su hija adolescente lo llamara llorando porque una fotograf\u00eda \u00edntima circula sin su consentimiento entre toda la comunidad escolar?Esa escena o el temor fundado de que pueda ocurrir es el punto de partida de \u201cCuando las pantallas invaden nuestras familias\u201d, el nuevo libro de la investigadora, [&hellip;]<\/p>\n","protected":false},"author":3,"featured_media":4114,"comment_status":"open","ping_status":"open","sticky":false,"template":"","format":"standard","meta":{"footnotes":""},"categories":[10,14],"tags":[],"class_list":["post-4112","post","type-post","status-publish","format-standard","has-post-thumbnail","hentry","category-noticias","category-lanzamientos"],"_links":{"self":[{"href":"https:\/\/masnoticiastv.com\/noticias\/wp-json\/wp\/v2\/posts\/4112","targetHints":{"allow":["GET"]}}],"collection":[{"href":"https:\/\/masnoticiastv.com\/noticias\/wp-json\/wp\/v2\/posts"}],"about":[{"href":"https:\/\/masnoticiastv.com\/noticias\/wp-json\/wp\/v2\/types\/post"}],"author":[{"embeddable":true,"href":"https:\/\/masnoticiastv.com\/noticias\/wp-json\/wp\/v2\/users\/3"}],"replies":[{"embeddable":true,"href":"https:\/\/masnoticiastv.com\/noticias\/wp-json\/wp\/v2\/comments?post=4112"}],"version-history":[{"count":1,"href":"https:\/\/masnoticiastv.com\/noticias\/wp-json\/wp\/v2\/posts\/4112\/revisions"}],"predecessor-version":[{"id":4115,"href":"https:\/\/masnoticiastv.com\/noticias\/wp-json\/wp\/v2\/posts\/4112\/revisions\/4115"}],"wp:featuredmedia":[{"embeddable":true,"href":"https:\/\/masnoticiastv.com\/noticias\/wp-json\/wp\/v2\/media\/4114"}],"wp:attachment":[{"href":"https:\/\/masnoticiastv.com\/noticias\/wp-json\/wp\/v2\/media?parent=4112"}],"wp:term":[{"taxonomy":"category","embeddable":true,"href":"https:\/\/masnoticiastv.com\/noticias\/wp-json\/wp\/v2\/categories?post=4112"},{"taxonomy":"post_tag","embeddable":true,"href":"https:\/\/masnoticiastv.com\/noticias\/wp-json\/wp\/v2\/tags?post=4112"}],"curies":[{"name":"wp","href":"https:\/\/api.w.org\/{rel}","templated":true}]}}