{"id":414,"date":"2023-01-30T15:01:34","date_gmt":"2023-01-30T20:01:34","guid":{"rendered":"https:\/\/masnoticiastv.com\/noticias\/?p=414"},"modified":"2023-01-30T15:01:34","modified_gmt":"2023-01-30T20:01:34","slug":"policia-nacional-se-reune-con-la-comunidad-china","status":"publish","type":"post","link":"https:\/\/masnoticiastv.com\/noticias\/policia-nacional-se-reune-con-la-comunidad-china\/","title":{"rendered":"POLIC\u00cdA NACIONAL SE RE\u00daNE CON LA COMUNIDAD CHINA"},"content":{"rendered":"\n<p>El Subdirector General de la Polic\u00eda Nacional, Sim\u00f3n Henr\u00edquez, en conjunto con los Jefes de las Zonas Policiales de la provincia de Panam\u00e1, se reunieron con empresarios de la Comunidad China para coordinar acciones en materia de seguridad preventiva.<\/p>\n\n\n\n<p>El Subdirector General de la Polic\u00eda Nacional, Sim\u00f3n Henriquez, indic\u00f3 que esta reuni\u00f3n de coordinaci\u00f3n fue fruct\u00edfera, el objetivo es mantenerse cercano a los peque\u00f1os empresarios y emplear los diferentes Programas Preventivos para que la ciudadan\u00eda se sienta segura.<\/p>\n\n\n\n<figure class=\"wp-block-gallery has-nested-images columns-default is-cropped wp-block-gallery-1 is-layout-flex wp-block-gallery-is-layout-flex\">\n<figure class=\"wp-block-image size-large\"><a href=\"https:\/\/masnoticiastv.com\/noticias\/wp-content\/uploads\/2023\/01\/IMG-20230130-WA0163.jpg\"><img fetchpriority=\"high\" decoding=\"async\" width=\"1024\" height=\"683\" data-id=\"416\" src=\"https:\/\/masnoticiastv.com\/noticias\/wp-content\/uploads\/2023\/01\/IMG-20230130-WA0163-1024x683.jpg\" alt=\"\" class=\"wp-image-416\" srcset=\"https:\/\/masnoticiastv.com\/noticias\/wp-content\/uploads\/2023\/01\/IMG-20230130-WA0163-1024x683.jpg 1024w, https:\/\/masnoticiastv.com\/noticias\/wp-content\/uploads\/2023\/01\/IMG-20230130-WA0163-300x200.jpg 300w, https:\/\/masnoticiastv.com\/noticias\/wp-content\/uploads\/2023\/01\/IMG-20230130-WA0163-768x512.jpg 768w, https:\/\/masnoticiastv.com\/noticias\/wp-content\/uploads\/2023\/01\/IMG-20230130-WA0163-1536x1024.jpg 1536w, https:\/\/masnoticiastv.com\/noticias\/wp-content\/uploads\/2023\/01\/IMG-20230130-WA0163-600x400.jpg 600w, https:\/\/masnoticiastv.com\/noticias\/wp-content\/uploads\/2023\/01\/IMG-20230130-WA0163.jpg 1599w\" sizes=\"(max-width: 1024px) 100vw, 1024px\" \/><\/a><\/figure>\n\n\n\n<figure class=\"wp-block-image size-large\"><a href=\"https:\/\/masnoticiastv.com\/noticias\/wp-content\/uploads\/2023\/01\/IMG-20230130-WA0164.jpg\"><img decoding=\"async\" width=\"1024\" height=\"683\" data-id=\"417\" src=\"https:\/\/masnoticiastv.com\/noticias\/wp-content\/uploads\/2023\/01\/IMG-20230130-WA0164-1024x683.jpg\" alt=\"\" class=\"wp-image-417\" srcset=\"https:\/\/masnoticiastv.com\/noticias\/wp-content\/uploads\/2023\/01\/IMG-20230130-WA0164-1024x683.jpg 1024w, https:\/\/masnoticiastv.com\/noticias\/wp-content\/uploads\/2023\/01\/IMG-20230130-WA0164-300x200.jpg 300w, https:\/\/masnoticiastv.com\/noticias\/wp-content\/uploads\/2023\/01\/IMG-20230130-WA0164-768x512.jpg 768w, https:\/\/masnoticiastv.com\/noticias\/wp-content\/uploads\/2023\/01\/IMG-20230130-WA0164-1536x1024.jpg 1536w, https:\/\/masnoticiastv.com\/noticias\/wp-content\/uploads\/2023\/01\/IMG-20230130-WA0164-600x400.jpg 600w, https:\/\/masnoticiastv.com\/noticias\/wp-content\/uploads\/2023\/01\/IMG-20230130-WA0164.jpg 1599w\" sizes=\"(max-width: 1024px) 100vw, 1024px\" \/><\/a><\/figure>\n<\/figure>\n\n\n\n<p>El se\u00f1or Tony Jiang, miembro de la Comunidad China, agradeci\u00f3 a la Polic\u00eda Nacional por la reuni\u00f3n y de paso exhort\u00f3 a los comerciantes y due\u00f1os de tiendas a unirse al sistema de Alerta Temprana que ha dado resultados positivos.<\/p>\n\n\n\n<p>En el c\u00f3nclave de seguridad, la Subcomisionada Thelma Palma, Jefa del Servicio Policial de Integraci\u00f3n y Participaci\u00f3n Ciudadana, les solicit\u00f3 a los comerciantes tomar todas las medidas de prevenci\u00f3n y seguridad en sus comercios para prevenir situaciones de riesgos y as\u00ed poder realizar sus actividades comerciales de forma segura.<\/p>\n\n\n\n<p>La Policia Nacional con estas reuniones busca involucrar a todas la partes y llevar a cabo todos los Programas Preventivos para evitar hechos delictivos en los diferentes comercios.<\/p>\n","protected":false},"excerpt":{"rendered":"<p>El Subdirector General de la Polic\u00eda Nacional, Sim\u00f3n Henr\u00edquez, en conjunto con los Jefes de las Zonas Policiales de la provincia de Panam\u00e1, se reunieron con empresarios de la Comunidad China para coordinar acciones en materia de seguridad preventiva. El Subdirector General de la Polic\u00eda Nacional, Sim\u00f3n Henriquez, indic\u00f3 que esta reuni\u00f3n de coordinaci\u00f3n fue [&hellip;]<\/p>\n","protected":false},"author":3,"featured_media":415,"comment_status":"open","ping_status":"open","sticky":false,"template":"","format":"standard","meta":{"footnotes":""},"categories":[10],"tags":[54,55,72],"class_list":["post-414","post","type-post","status-publish","format-standard","has-post-thumbnail","hentry","category-noticias","tag-masnoticiastv","tag-panama","tag-policiales"],"_links":{"self":[{"href":"https:\/\/masnoticiastv.com\/noticias\/wp-json\/wp\/v2\/posts\/414","targetHints":{"allow":["GET"]}}],"collection":[{"href":"https:\/\/masnoticiastv.com\/noticias\/wp-json\/wp\/v2\/posts"}],"about":[{"href":"https:\/\/masnoticiastv.com\/noticias\/wp-json\/wp\/v2\/types\/post"}],"author":[{"embeddable":true,"href":"https:\/\/masnoticiastv.com\/noticias\/wp-json\/wp\/v2\/users\/3"}],"replies":[{"embeddable":true,"href":"https:\/\/masnoticiastv.com\/noticias\/wp-json\/wp\/v2\/comments?post=414"}],"version-history":[{"count":1,"href":"https:\/\/masnoticiastv.com\/noticias\/wp-json\/wp\/v2\/posts\/414\/revisions"}],"predecessor-version":[{"id":418,"href":"https:\/\/masnoticiastv.com\/noticias\/wp-json\/wp\/v2\/posts\/414\/revisions\/418"}],"wp:featuredmedia":[{"embeddable":true,"href":"https:\/\/masnoticiastv.com\/noticias\/wp-json\/wp\/v2\/media\/415"}],"wp:attachment":[{"href":"https:\/\/masnoticiastv.com\/noticias\/wp-json\/wp\/v2\/media?parent=414"}],"wp:term":[{"taxonomy":"category","embeddable":true,"href":"https:\/\/masnoticiastv.com\/noticias\/wp-json\/wp\/v2\/categories?post=414"},{"taxonomy":"post_tag","embeddable":true,"href":"https:\/\/masnoticiastv.com\/noticias\/wp-json\/wp\/v2\/tags?post=414"}],"curies":[{"name":"wp","href":"https:\/\/api.w.org\/{rel}","templated":true}]}}