{"id":579,"date":"2023-02-27T22:58:14","date_gmt":"2023-02-28T03:58:14","guid":{"rendered":"https:\/\/masnoticiastv.com\/noticias\/?p=579"},"modified":"2023-02-27T22:58:14","modified_gmt":"2023-02-28T03:58:14","slug":"caja-de-ahorros-impulsa-la-movilidad-electrica","status":"publish","type":"post","link":"https:\/\/masnoticiastv.com\/noticias\/caja-de-ahorros-impulsa-la-movilidad-electrica\/","title":{"rendered":"<strong>Caja de Ahorros impulsa la movilidad el\u00e9ctrica<\/strong>"},"content":{"rendered":"\n<p><strong>con la instalaci\u00f3n de su primera estaci\u00f3n de carga s\u00faper r\u00e1pida<\/strong><\/p>\n\n\n\n<p><em>Con esta alianza, Caja de Ahorros se convierte en la primera entidad financiera del pa\u00eds en contar con una estaci\u00f3n de carga s\u00faper r\u00e1pida, con capacidad de 50kW.<\/em><\/p>\n\n\n\n<p>Enfocados en promover una banca responsable e impactar positivamente al ambiente y a la movilidad sostenible, Caja de Ahorros realiz\u00f3 la instalaci\u00f3n de su primera estaci\u00f3n de cargadores de autos el\u00e9ctricos junto a Evergo, poniendo a disposici\u00f3n de sus clientes, dos puntos de recarga en su Casa Matriz, Torre Guillermo de Roux, ubicada en V\u00eda Espa\u00f1a, como primera fase.<\/p>\n\n\n\n<p>Con esta alianza, se inaugura el primer cargador nivel 3 con capacidad de 50kW y pantalla t\u00e1ctil en Panam\u00e1. Con este paso, Evergo y Caja de Ahorros se ponen a la vanguardia de la movilidad el\u00e9ctrica, ofreciendo a los usuarios de veh\u00edculos el\u00e9ctricos un punto de carga de \u00faltima generaci\u00f3n.<\/p>\n\n\n\n<figure class=\"wp-block-gallery has-nested-images columns-default is-cropped wp-block-gallery-1 is-layout-flex wp-block-gallery-is-layout-flex\">\n<figure class=\"wp-block-image size-large\"><a href=\"https:\/\/masnoticiastv.com\/noticias\/wp-content\/uploads\/2023\/02\/IMG-20230227-WA0134.jpg\"><img fetchpriority=\"high\" decoding=\"async\" width=\"1024\" height=\"682\" data-id=\"580\" src=\"https:\/\/masnoticiastv.com\/noticias\/wp-content\/uploads\/2023\/02\/IMG-20230227-WA0134.jpg\" alt=\"\" class=\"wp-image-580\" srcset=\"https:\/\/masnoticiastv.com\/noticias\/wp-content\/uploads\/2023\/02\/IMG-20230227-WA0134.jpg 1024w, https:\/\/masnoticiastv.com\/noticias\/wp-content\/uploads\/2023\/02\/IMG-20230227-WA0134-300x200.jpg 300w, https:\/\/masnoticiastv.com\/noticias\/wp-content\/uploads\/2023\/02\/IMG-20230227-WA0134-768x512.jpg 768w, https:\/\/masnoticiastv.com\/noticias\/wp-content\/uploads\/2023\/02\/IMG-20230227-WA0134-600x400.jpg 600w\" sizes=\"(max-width: 1024px) 100vw, 1024px\" \/><\/a><\/figure>\n\n\n\n<figure class=\"wp-block-image size-large\"><a href=\"https:\/\/masnoticiastv.com\/noticias\/wp-content\/uploads\/2023\/02\/IMG-20230227-WA0136.jpg\"><img decoding=\"async\" width=\"1024\" height=\"690\" data-id=\"581\" src=\"https:\/\/masnoticiastv.com\/noticias\/wp-content\/uploads\/2023\/02\/IMG-20230227-WA0136.jpg\" alt=\"\" class=\"wp-image-581\" srcset=\"https:\/\/masnoticiastv.com\/noticias\/wp-content\/uploads\/2023\/02\/IMG-20230227-WA0136.jpg 1024w, https:\/\/masnoticiastv.com\/noticias\/wp-content\/uploads\/2023\/02\/IMG-20230227-WA0136-300x202.jpg 300w, https:\/\/masnoticiastv.com\/noticias\/wp-content\/uploads\/2023\/02\/IMG-20230227-WA0136-768x518.jpg 768w, https:\/\/masnoticiastv.com\/noticias\/wp-content\/uploads\/2023\/02\/IMG-20230227-WA0136-600x404.jpg 600w\" sizes=\"(max-width: 1024px) 100vw, 1024px\" \/><\/a><\/figure>\n\n\n\n<figure class=\"wp-block-image size-large\"><a href=\"https:\/\/masnoticiastv.com\/noticias\/wp-content\/uploads\/2023\/02\/IMG-20230227-WA0135.jpg\"><img decoding=\"async\" width=\"1024\" height=\"682\" data-id=\"582\" src=\"https:\/\/masnoticiastv.com\/noticias\/wp-content\/uploads\/2023\/02\/IMG-20230227-WA0135.jpg\" alt=\"\" class=\"wp-image-582\" srcset=\"https:\/\/masnoticiastv.com\/noticias\/wp-content\/uploads\/2023\/02\/IMG-20230227-WA0135.jpg 1024w, https:\/\/masnoticiastv.com\/noticias\/wp-content\/uploads\/2023\/02\/IMG-20230227-WA0135-300x200.jpg 300w, https:\/\/masnoticiastv.com\/noticias\/wp-content\/uploads\/2023\/02\/IMG-20230227-WA0135-768x512.jpg 768w, https:\/\/masnoticiastv.com\/noticias\/wp-content\/uploads\/2023\/02\/IMG-20230227-WA0135-600x400.jpg 600w\" sizes=\"(max-width: 1024px) 100vw, 1024px\" \/><\/a><\/figure>\n<\/figure>\n\n\n\n<p>Estos nuevos cargadores vienen a fortalecer la infraestructura de carga para veh\u00edculos el\u00e9ctricos en el pa\u00eds desde una tecnolog\u00eda revolucionaria. Se trata del modelo m\u00e1s avanzado, que permite la carga de un veh\u00edculo de 20-80% (seg\u00fan el tama\u00f1o de la bater\u00eda) en unos 45 minutos.<\/p>\n\n\n\n<p>\u201c<em>En Caja de Ahorros hemos liderado importantes proyectos para aportar a la eficiencia energ\u00e9tica, el uso responsable de los recursos naturales y respaldar las iniciativas del Gobierno Nacional para la sostenibilidad ambiental y econ\u00f3mica del pa\u00eds. A trav\u00e9s de esta alianza con Evergo, buscamos ampliar nuestra red de cargadores el\u00e9ctricos en diferentes sucursales a lo largo de la ciudad, provincias centrales y occidente, hasta cubrir la v\u00eda interamericana.\u201d, <\/em><strong>se\u00f1al\u00f3 Juan E. Melillo, gerente general de Caja de Ahorros.<\/strong><\/p>\n\n\n\n<p>Evergo es la m\u00e1s avanzada y sofisticada plataforma de estaciones de carga de veh\u00edculos el\u00e9ctricos del pa\u00eds. Su misi\u00f3n es crear una red que permita al usuario de carro el\u00e9ctrico llegar a donde quiera, de forma sostenible y confiable, movi\u00e9ndose hacia un futuro m\u00e1s responsable con el medio ambiente.<\/p>\n\n\n\n<p><em>\u201cEl inicio de esta colaboraci\u00f3n con Caja de Ahorros permitir\u00e1 a sus clientes una soluci\u00f3n para la carga de sus veh\u00edculos el\u00e9ctricos con una estaci\u00f3n de \u00faltima generaci\u00f3n, a la vez que promueve un futuro m\u00e1s limpio y sostenible para el pa\u00eds. Con este paso inicia una alianza de largo plazo que se suma a una creciente red que aspira alcanzar las m\u00e1s de 220 estaciones al cierre de 2023\u201d,<\/em> destac\u00f3 M\u00f3nica Lupi\u00e1\u00f1ez, Country Manager de Panam\u00e1 y directora de Energ\u00edas Renovables de InterEnergy Group, casa matriz de Evergo.<\/p>\n\n\n\n<p>El Banco de la Familia Paname\u00f1a inici\u00f3 una importante transici\u00f3n hacia las energ\u00edas limpias y pr\u00e1cticas sostenibles, adoptando medidas para mitigar el impacto que se genere a trav\u00e9s de su gesti\u00f3n. Mediante la alianza con Evergo, empresa l\u00edder y pionera en infraestructura de carga p\u00fablica en el pa\u00eds, Caja de Ahorros seguir\u00e1 evolucionando a crear condiciones atractivas para aquellos clientes quienes buscan contribuir con acciones a un mundo m\u00e1s verde.<\/p>\n\n\n\n<p><\/p>\n\n\n\n<p><\/p>\n\n\n\n<p><\/p>\n\n\n\n<p>Sus valores se fundamentan en compromiso y pasi\u00f3n por el cliente, transparencia e integridad en nuestras acciones, sostenibilidad, innovaci\u00f3n y calidad de servicio, crecimiento profesional y comunicaci\u00f3n y trabajo en equipo.<\/p>\n","protected":false},"excerpt":{"rendered":"<p>con la instalaci\u00f3n de su primera estaci\u00f3n de carga s\u00faper r\u00e1pida Con esta alianza, Caja de Ahorros se convierte en la primera entidad financiera del pa\u00eds en contar con una estaci\u00f3n de carga s\u00faper r\u00e1pida, con capacidad de 50kW. Enfocados en promover una banca responsable e impactar positivamente al ambiente y a la movilidad sostenible, [&hellip;]<\/p>\n","protected":false},"author":3,"featured_media":0,"comment_status":"open","ping_status":"open","sticky":false,"template":"","format":"standard","meta":{"footnotes":""},"categories":[10,14],"tags":[54,55,31],"class_list":["post-579","post","type-post","status-publish","format-standard","hentry","category-noticias","category-lanzamientos","tag-masnoticiastv","tag-panama","tag-tech"],"_links":{"self":[{"href":"https:\/\/masnoticiastv.com\/noticias\/wp-json\/wp\/v2\/posts\/579","targetHints":{"allow":["GET"]}}],"collection":[{"href":"https:\/\/masnoticiastv.com\/noticias\/wp-json\/wp\/v2\/posts"}],"about":[{"href":"https:\/\/masnoticiastv.com\/noticias\/wp-json\/wp\/v2\/types\/post"}],"author":[{"embeddable":true,"href":"https:\/\/masnoticiastv.com\/noticias\/wp-json\/wp\/v2\/users\/3"}],"replies":[{"embeddable":true,"href":"https:\/\/masnoticiastv.com\/noticias\/wp-json\/wp\/v2\/comments?post=579"}],"version-history":[{"count":1,"href":"https:\/\/masnoticiastv.com\/noticias\/wp-json\/wp\/v2\/posts\/579\/revisions"}],"predecessor-version":[{"id":583,"href":"https:\/\/masnoticiastv.com\/noticias\/wp-json\/wp\/v2\/posts\/579\/revisions\/583"}],"wp:attachment":[{"href":"https:\/\/masnoticiastv.com\/noticias\/wp-json\/wp\/v2\/media?parent=579"}],"wp:term":[{"taxonomy":"category","embeddable":true,"href":"https:\/\/masnoticiastv.com\/noticias\/wp-json\/wp\/v2\/categories?post=579"},{"taxonomy":"post_tag","embeddable":true,"href":"https:\/\/masnoticiastv.com\/noticias\/wp-json\/wp\/v2\/tags?post=579"}],"curies":[{"name":"wp","href":"https:\/\/api.w.org\/{rel}","templated":true}]}}