{"id":588,"date":"2023-03-01T12:13:27","date_gmt":"2023-03-01T17:13:27","guid":{"rendered":"https:\/\/masnoticiastv.com\/noticias\/?p=588"},"modified":"2023-03-01T12:13:27","modified_gmt":"2023-03-01T17:13:27","slug":"vicepresidente-carrizo-jaen-participa-de-la-cumbre-de-liderazgo-juvenil-nuestros-oceanos","status":"publish","type":"post","link":"https:\/\/masnoticiastv.com\/noticias\/vicepresidente-carrizo-jaen-participa-de-la-cumbre-de-liderazgo-juvenil-nuestros-oceanos\/","title":{"rendered":"<strong>Vicepresidente Carrizo Ja\u00e9n participa de la Cumbre de Liderazgo Juvenil Nuestros Oc\u00e9anos<\/strong>"},"content":{"rendered":"\n<ul class=\"wp-block-list\">\n<li>Los l\u00edderes j\u00f3venes desarrollaron soluciones tecnol\u00f3gicas para resolver los desaf\u00edos oce\u00e1nicos en seis \u00e1reas de impacto: cambio clim\u00e1tico, contaminaci\u00f3n marina, seguridad mar\u00edtima, \u00e1reas marinas protegidas, econom\u00eda azul sostenible y pesca sostenible.<\/li>\n\n\n\n<li>El vicepresidente, Jos\u00e9 Gabriel Carrizo Ja\u00e9n, se\u00f1al\u00f3 que la tarea ineludible de la juventud es qu\u00e9 hacer para enfrentar los efectos del cambio clim\u00e1tico.<\/li>\n<\/ul>\n\n\n\n<p>J\u00f3venes paname\u00f1os y extranjeros presentaron m\u00e1s de 70 soluciones encaminadas a fomentar alianzas de acciones sostenibles para proteger los oc\u00e9anos, como parte de la VI Cumbre de Liderazgo Juvenil Nuestros Oc\u00e9anos, acto en el que particip\u00f3 el vicepresidente de la Rep\u00fablica, Jos\u00e9 Gabriel Carrizo Ja\u00e9n, tras ser designado por el presidente de la Rep\u00fablica Laurentino Cortizo Cohen.<\/p>\n\n\n\n<p>La Cumbre de Liderazgo Juvenil se celebra en Panam\u00e1 como una actividad previa a la VIII Conferencia Our Ocean 2023, en la que participaron 76 j\u00f3venes: 24 paname\u00f1os y 52 extranjeros.<\/p>\n\n\n\n<p>El objetivo de la Cumbre es inspirar, informar y capacitar a los j\u00f3venes para construir soluciones hol\u00edsticas que equilibren mejor las necesidades de la sociedad, la industria y el medio ambiente marino.<\/p>\n\n\n\n<p>Carrizo Ja\u00e9n dio la bienvenida a los j\u00f3venes del mundo y manifest\u00f3 su satisfacci\u00f3n porque la juventud se preocupa por un tema que trasciende fronteras y generaciones.\u00a0 \u201cUstedes representan la nueva generaci\u00f3n del mundo; la motivaci\u00f3n, la energ\u00eda y la resoluci\u00f3n para encarar los desaf\u00edos de la vida est\u00e1 en ustedes mismos, nos motivan e inspiran a todos a preservar la fuente de vida, que es el oc\u00e9ano\u201d, se\u00f1al\u00f3.<\/p>\n\n\n\n<figure class=\"wp-block-gallery has-nested-images columns-default is-cropped wp-block-gallery-1 is-layout-flex wp-block-gallery-is-layout-flex\">\n<figure class=\"wp-block-image size-large\"><a href=\"https:\/\/masnoticiastv.com\/noticias\/wp-content\/uploads\/2023\/03\/IMG-20230301-WA0145.jpg\"><img fetchpriority=\"high\" decoding=\"async\" width=\"1024\" height=\"682\" data-id=\"589\" src=\"https:\/\/masnoticiastv.com\/noticias\/wp-content\/uploads\/2023\/03\/IMG-20230301-WA0145.jpg\" alt=\"\" class=\"wp-image-589\" srcset=\"https:\/\/masnoticiastv.com\/noticias\/wp-content\/uploads\/2023\/03\/IMG-20230301-WA0145.jpg 1024w, https:\/\/masnoticiastv.com\/noticias\/wp-content\/uploads\/2023\/03\/IMG-20230301-WA0145-300x200.jpg 300w, https:\/\/masnoticiastv.com\/noticias\/wp-content\/uploads\/2023\/03\/IMG-20230301-WA0145-768x512.jpg 768w, https:\/\/masnoticiastv.com\/noticias\/wp-content\/uploads\/2023\/03\/IMG-20230301-WA0145-600x400.jpg 600w\" sizes=\"(max-width: 1024px) 100vw, 1024px\" \/><\/a><\/figure>\n\n\n\n<figure class=\"wp-block-image size-large\"><a href=\"https:\/\/masnoticiastv.com\/noticias\/wp-content\/uploads\/2023\/03\/IMG-20230301-WA0143.jpg\"><img decoding=\"async\" width=\"1024\" height=\"682\" data-id=\"590\" src=\"https:\/\/masnoticiastv.com\/noticias\/wp-content\/uploads\/2023\/03\/IMG-20230301-WA0143.jpg\" alt=\"\" class=\"wp-image-590\" srcset=\"https:\/\/masnoticiastv.com\/noticias\/wp-content\/uploads\/2023\/03\/IMG-20230301-WA0143.jpg 1024w, https:\/\/masnoticiastv.com\/noticias\/wp-content\/uploads\/2023\/03\/IMG-20230301-WA0143-300x200.jpg 300w, https:\/\/masnoticiastv.com\/noticias\/wp-content\/uploads\/2023\/03\/IMG-20230301-WA0143-768x512.jpg 768w, https:\/\/masnoticiastv.com\/noticias\/wp-content\/uploads\/2023\/03\/IMG-20230301-WA0143-600x400.jpg 600w\" sizes=\"(max-width: 1024px) 100vw, 1024px\" \/><\/a><\/figure>\n\n\n\n<figure class=\"wp-block-image size-large\"><a href=\"https:\/\/masnoticiastv.com\/noticias\/wp-content\/uploads\/2023\/03\/IMG-20230301-WA0141.jpg\"><img decoding=\"async\" width=\"1024\" height=\"682\" data-id=\"591\" src=\"https:\/\/masnoticiastv.com\/noticias\/wp-content\/uploads\/2023\/03\/IMG-20230301-WA0141.jpg\" alt=\"\" class=\"wp-image-591\" srcset=\"https:\/\/masnoticiastv.com\/noticias\/wp-content\/uploads\/2023\/03\/IMG-20230301-WA0141.jpg 1024w, https:\/\/masnoticiastv.com\/noticias\/wp-content\/uploads\/2023\/03\/IMG-20230301-WA0141-300x200.jpg 300w, https:\/\/masnoticiastv.com\/noticias\/wp-content\/uploads\/2023\/03\/IMG-20230301-WA0141-768x512.jpg 768w, https:\/\/masnoticiastv.com\/noticias\/wp-content\/uploads\/2023\/03\/IMG-20230301-WA0141-600x400.jpg 600w\" sizes=\"(max-width: 1024px) 100vw, 1024px\" \/><\/a><\/figure>\n\n\n\n<figure class=\"wp-block-image size-large\"><a href=\"https:\/\/masnoticiastv.com\/noticias\/wp-content\/uploads\/2023\/03\/IMG-20230301-WA0142.jpg\"><img loading=\"lazy\" decoding=\"async\" width=\"1024\" height=\"682\" data-id=\"592\" src=\"https:\/\/masnoticiastv.com\/noticias\/wp-content\/uploads\/2023\/03\/IMG-20230301-WA0142.jpg\" alt=\"\" class=\"wp-image-592\" srcset=\"https:\/\/masnoticiastv.com\/noticias\/wp-content\/uploads\/2023\/03\/IMG-20230301-WA0142.jpg 1024w, https:\/\/masnoticiastv.com\/noticias\/wp-content\/uploads\/2023\/03\/IMG-20230301-WA0142-300x200.jpg 300w, https:\/\/masnoticiastv.com\/noticias\/wp-content\/uploads\/2023\/03\/IMG-20230301-WA0142-768x512.jpg 768w, https:\/\/masnoticiastv.com\/noticias\/wp-content\/uploads\/2023\/03\/IMG-20230301-WA0142-600x400.jpg 600w\" sizes=\"(max-width: 1024px) 100vw, 1024px\" \/><\/a><\/figure>\n<\/figure>\n\n\n\n<p>Durante el encuentro, los l\u00edderes j\u00f3venes desarrollaron soluciones tecnol\u00f3gicas para enfrentar las mayores amenazas a nuestro planeta. Con la gu\u00eda de mentores expertos, trabajaron en resolver desaf\u00edos oce\u00e1nicos en seis \u00e1reas de impacto: cambio clim\u00e1tico, contaminaci\u00f3n marina, seguridad mar\u00edtima, \u00e1reas marinas protegidas, econom\u00eda azul sostenible y pesca sostenible.<\/p>\n\n\n\n<p>Dentro de estas \u00e1reas de acci\u00f3n, Panam\u00e1 propuso tres tem\u00e1ticas transversales: turismo sostenible, contaminaci\u00f3n marina enfocada en pl\u00e1stico y conectividad ecol\u00f3gica.<\/p>\n\n\n\n<p>El vicepresidente de la Rep\u00fablica dijo que el cambio clim\u00e1tico, \u201cesa amenaza para la vida sobre la tierra, es un problema del que tenemos conciencia hace poco tiempo. La discusi\u00f3n que tenemos por delante no es qui\u00e9n o c\u00f3mo se inici\u00f3 el problema, sino c\u00f3mo vamos a encararlo, qu\u00e9 hacemos para reducir sus efectos, esa es la tarea ineludible de la juventud\u201d.<\/p>\n\n\n\n<p>Este programa busca alentar a los j\u00f3venes a adoptar un enfoque cient\u00edfico de los desaf\u00edos marinos en consonancia con la D\u00e9cada de los Oc\u00e9anos para la Ciencia de las Naciones Unidas, haciendo \u00e9nfasis en aprovechar los datos derivados de la ciencia y la tecnolog\u00eda para crear decisiones oce\u00e1nicas informadas y pol\u00edticas que maximicen la producci\u00f3n y minimicen los da\u00f1os.<\/p>\n\n\n\n<p>Panam\u00e1 fue reconocida como \u201cL\u00edder Azul\u201d, logro alcanzado antes de la meta del 2030, que es otorgado a los pa\u00edses que han cumplido la meta de proteger el 30% o m\u00e1s de sus oc\u00e9anos.<\/p>\n\n\n\n<p>Carrizo Ja\u00e9n mencion\u00f3 que Panam\u00e1 es uno de los tres pa\u00edses del mundo declarados carbono negativo, el 35% de nuestro territorio y el 30% de nuestros mares est\u00e1n declarados como \u00e1reas naturales protegidas.<\/p>\n\n\n\n<p>\u201cLos j\u00f3venes podemos incidir en la adopci\u00f3n de pol\u00edticas para la protecci\u00f3n de nuestros recursos naturales. Estamos aqu\u00ed para encontrar soluciones que equilibren mejor las necesidades de la sociedad, la industria y el medio ambiente\u201d, expres\u00f3.<\/p>\n\n\n\n<p>Para este a\u00f1o, la Cumbre de Liderazgo Juvenil se integr\u00f3 completamente en la conferencia principal de Our Ocean, evento que permitir\u00e1 a gobiernos, empresarios y miembros de la sociedad civil plantear recomendaciones para salvar los oc\u00e9anos a trav\u00e9s de acciones y pol\u00edticas que faciliten el crecimiento econ\u00f3mico sostenible, gestionando responsablemente los recursos marinos.<\/p>\n\n\n\n<p>Este 2 y 3 de marzo, se llevar\u00e1 a cabo en Panam\u00e1 la VIII Conferencia Our Ocean 2023, bajo el lema \u201cOur Ocean, Our Connection\u201d.<\/p>\n\n\n\n<p>Junto a otros pa\u00edses, Panam\u00e1 ha promovido la adopci\u00f3n de medidas para proteger el Corredor Marino del Pac\u00edfico Oriental y Tropical, una franja de 500 kil\u00f3metros cuadrados de oc\u00e9ano que alberga los ecosistemas marinos m\u00e1s biodiversos del mundo.<\/p>\n\n\n\n<p>Acompa\u00f1aron al vicepresidente Carrizo Ja\u00e9n, las ministras Janaina Tewaney Mencomo (Relaciones Exteriores) y Mar\u00eda In\u00e9s Castillo (Desarrollo Social); la viceministra de Asuntos Multilaterales y Cooperaci\u00f3n Internacional, Yill Otero; y la subsecretaria adjunta de Oc\u00e9anos, Pesca y Asuntos Polares del Departamento de Estado de los Estados Unidos, Maxime Burkett.<\/p>\n","protected":false},"excerpt":{"rendered":"<p>J\u00f3venes paname\u00f1os y extranjeros presentaron m\u00e1s de 70 soluciones encaminadas a fomentar alianzas de acciones sostenibles para proteger los oc\u00e9anos, como parte de la VI Cumbre de Liderazgo Juvenil Nuestros Oc\u00e9anos, acto en el que particip\u00f3 el vicepresidente de la Rep\u00fablica, Jos\u00e9 Gabriel Carrizo Ja\u00e9n, tras ser designado por el presidente de la Rep\u00fablica Laurentino [&hellip;]<\/p>\n","protected":false},"author":3,"featured_media":593,"comment_status":"open","ping_status":"open","sticky":false,"template":"","format":"standard","meta":{"footnotes":""},"categories":[10],"tags":[],"class_list":["post-588","post","type-post","status-publish","format-standard","has-post-thumbnail","hentry","category-noticias"],"_links":{"self":[{"href":"https:\/\/masnoticiastv.com\/noticias\/wp-json\/wp\/v2\/posts\/588","targetHints":{"allow":["GET"]}}],"collection":[{"href":"https:\/\/masnoticiastv.com\/noticias\/wp-json\/wp\/v2\/posts"}],"about":[{"href":"https:\/\/masnoticiastv.com\/noticias\/wp-json\/wp\/v2\/types\/post"}],"author":[{"embeddable":true,"href":"https:\/\/masnoticiastv.com\/noticias\/wp-json\/wp\/v2\/users\/3"}],"replies":[{"embeddable":true,"href":"https:\/\/masnoticiastv.com\/noticias\/wp-json\/wp\/v2\/comments?post=588"}],"version-history":[{"count":1,"href":"https:\/\/masnoticiastv.com\/noticias\/wp-json\/wp\/v2\/posts\/588\/revisions"}],"predecessor-version":[{"id":594,"href":"https:\/\/masnoticiastv.com\/noticias\/wp-json\/wp\/v2\/posts\/588\/revisions\/594"}],"wp:featuredmedia":[{"embeddable":true,"href":"https:\/\/masnoticiastv.com\/noticias\/wp-json\/wp\/v2\/media\/593"}],"wp:attachment":[{"href":"https:\/\/masnoticiastv.com\/noticias\/wp-json\/wp\/v2\/media?parent=588"}],"wp:term":[{"taxonomy":"category","embeddable":true,"href":"https:\/\/masnoticiastv.com\/noticias\/wp-json\/wp\/v2\/categories?post=588"},{"taxonomy":"post_tag","embeddable":true,"href":"https:\/\/masnoticiastv.com\/noticias\/wp-json\/wp\/v2\/tags?post=588"}],"curies":[{"name":"wp","href":"https:\/\/api.w.org\/{rel}","templated":true}]}}