{"id":595,"date":"2023-03-01T12:19:39","date_gmt":"2023-03-01T17:19:39","guid":{"rendered":"https:\/\/masnoticiastv.com\/noticias\/?p=595"},"modified":"2023-03-01T12:19:39","modified_gmt":"2023-03-01T17:19:39","slug":"gabinete-autoriza-extension-de-vale-digital-hasta-abril-2023-y-convenios-de-cooperacion-no-reembolsable-para-salud-educacion-y-medio-ambiente","status":"publish","type":"post","link":"https:\/\/masnoticiastv.com\/noticias\/gabinete-autoriza-extension-de-vale-digital-hasta-abril-2023-y-convenios-de-cooperacion-no-reembolsable-para-salud-educacion-y-medio-ambiente\/","title":{"rendered":"<strong>Gabinete autoriza extensi\u00f3n de Vale Digital hasta abril 2023 y convenios de cooperaci\u00f3n no reembolsable para Salud, Educaci\u00f3n y Medio Ambiente<\/strong>"},"content":{"rendered":"\n<ul class=\"wp-block-list\">\n<li>La extensi\u00f3n del Vale Digital Solidario busca servir de alivio econ\u00f3mico a miles de familias paname\u00f1as afectadas por la situaci\u00f3n derivada por la pandemia.<\/li>\n\n\n\n<li>Los convenios de cooperaci\u00f3n suscritos permitir\u00e1n compras de equipos de mamograf\u00eda, optometr\u00eda, audiometr\u00eda, as\u00ed como para apoyar al desarrollo de la econom\u00eda verde a favor de grupos vulnerables econ\u00f3micamente.<\/li>\n<\/ul>\n\n\n\n<p>El Consejo de Gabinete autoriz\u00f3 la extensi\u00f3n del Vale Digital Solidario por dos meses m\u00e1s (marzo y abril de 2023) para los beneficiarios activos de este programa de ayuda social que cumplan con los requisitos preestablecidos y tambi\u00e9n aprob\u00f3 convenios de cooperaci\u00f3n no reembolsable para apoyar sectores de Educaci\u00f3n, Salud y el Medio Ambiente.<\/p>\n\n\n\n<p>En la sesi\u00f3n ordinaria de este martes, encabezada por el presidente de la Rep\u00fablica, Laurentino Cortizo Cohen, el Consejo de Ministros aprob\u00f3 la&nbsp; resoluci\u00f3n ministerial que autoriza los recursos econ\u00f3micos para la extensi\u00f3n del Vale Digital Solidario, un programa del Plan Panam\u00e1 Solidario para alivio econ\u00f3mico a miles de familias paname\u00f1as.<\/p>\n\n\n\n<p>\u00a0El Consejo de Gabinete tambi\u00e9n autoriz\u00f3 la celebraci\u00f3n de dos convenios de cooperaci\u00f3n no reembolsable con el Banco Mundial y el Banco Centroamericano de Integraci\u00f3n Econ\u00f3mica para apoyar sectores de salud, educaci\u00f3n y la econom\u00eda verde para favorecer a poblaciones con vulnerabilidad econ\u00f3mica.<\/p>\n\n\n\n<figure class=\"wp-block-gallery has-nested-images columns-default is-cropped wp-block-gallery-1 is-layout-flex wp-block-gallery-is-layout-flex\">\n<figure class=\"wp-block-image size-large\"><a href=\"https:\/\/masnoticiastv.com\/noticias\/wp-content\/uploads\/2023\/03\/IMG-20230228-WA0268.jpg\"><img fetchpriority=\"high\" decoding=\"async\" width=\"1024\" height=\"682\" data-id=\"597\" src=\"https:\/\/masnoticiastv.com\/noticias\/wp-content\/uploads\/2023\/03\/IMG-20230228-WA0268.jpg\" alt=\"\" class=\"wp-image-597\" srcset=\"https:\/\/masnoticiastv.com\/noticias\/wp-content\/uploads\/2023\/03\/IMG-20230228-WA0268.jpg 1024w, https:\/\/masnoticiastv.com\/noticias\/wp-content\/uploads\/2023\/03\/IMG-20230228-WA0268-300x200.jpg 300w, https:\/\/masnoticiastv.com\/noticias\/wp-content\/uploads\/2023\/03\/IMG-20230228-WA0268-768x512.jpg 768w, https:\/\/masnoticiastv.com\/noticias\/wp-content\/uploads\/2023\/03\/IMG-20230228-WA0268-600x400.jpg 600w\" sizes=\"(max-width: 1024px) 100vw, 1024px\" \/><\/a><\/figure>\n\n\n\n<figure class=\"wp-block-image size-large\"><a href=\"https:\/\/masnoticiastv.com\/noticias\/wp-content\/uploads\/2023\/03\/IMG-20230228-WA0270.jpg\"><img decoding=\"async\" width=\"1024\" height=\"682\" data-id=\"599\" src=\"https:\/\/masnoticiastv.com\/noticias\/wp-content\/uploads\/2023\/03\/IMG-20230228-WA0270.jpg\" alt=\"\" class=\"wp-image-599\" srcset=\"https:\/\/masnoticiastv.com\/noticias\/wp-content\/uploads\/2023\/03\/IMG-20230228-WA0270.jpg 1024w, https:\/\/masnoticiastv.com\/noticias\/wp-content\/uploads\/2023\/03\/IMG-20230228-WA0270-300x200.jpg 300w, https:\/\/masnoticiastv.com\/noticias\/wp-content\/uploads\/2023\/03\/IMG-20230228-WA0270-768x512.jpg 768w, https:\/\/masnoticiastv.com\/noticias\/wp-content\/uploads\/2023\/03\/IMG-20230228-WA0270-600x400.jpg 600w\" sizes=\"(max-width: 1024px) 100vw, 1024px\" \/><\/a><\/figure>\n\n\n\n<figure class=\"wp-block-image size-large\"><a href=\"https:\/\/masnoticiastv.com\/noticias\/wp-content\/uploads\/2023\/03\/IMG-20230228-WA0272.jpg\"><img decoding=\"async\" width=\"1024\" height=\"682\" data-id=\"598\" src=\"https:\/\/masnoticiastv.com\/noticias\/wp-content\/uploads\/2023\/03\/IMG-20230228-WA0272.jpg\" alt=\"\" class=\"wp-image-598\" srcset=\"https:\/\/masnoticiastv.com\/noticias\/wp-content\/uploads\/2023\/03\/IMG-20230228-WA0272.jpg 1024w, https:\/\/masnoticiastv.com\/noticias\/wp-content\/uploads\/2023\/03\/IMG-20230228-WA0272-300x200.jpg 300w, https:\/\/masnoticiastv.com\/noticias\/wp-content\/uploads\/2023\/03\/IMG-20230228-WA0272-768x512.jpg 768w, https:\/\/masnoticiastv.com\/noticias\/wp-content\/uploads\/2023\/03\/IMG-20230228-WA0272-600x400.jpg 600w\" sizes=\"(max-width: 1024px) 100vw, 1024px\" \/><\/a><\/figure>\n\n\n\n<figure class=\"wp-block-image size-large\"><a href=\"https:\/\/masnoticiastv.com\/noticias\/wp-content\/uploads\/2023\/03\/IMG-20230228-WA0269.jpg\"><img loading=\"lazy\" decoding=\"async\" width=\"1024\" height=\"682\" data-id=\"596\" src=\"https:\/\/masnoticiastv.com\/noticias\/wp-content\/uploads\/2023\/03\/IMG-20230228-WA0269.jpg\" alt=\"\" class=\"wp-image-596\" srcset=\"https:\/\/masnoticiastv.com\/noticias\/wp-content\/uploads\/2023\/03\/IMG-20230228-WA0269.jpg 1024w, https:\/\/masnoticiastv.com\/noticias\/wp-content\/uploads\/2023\/03\/IMG-20230228-WA0269-300x200.jpg 300w, https:\/\/masnoticiastv.com\/noticias\/wp-content\/uploads\/2023\/03\/IMG-20230228-WA0269-768x512.jpg 768w, https:\/\/masnoticiastv.com\/noticias\/wp-content\/uploads\/2023\/03\/IMG-20230228-WA0269-600x400.jpg 600w\" sizes=\"(max-width: 1024px) 100vw, 1024px\" \/><\/a><\/figure>\n<\/figure>\n\n\n\n<p>El primero se refiere al Convenio de Cooperaci\u00f3n T\u00e9cnica No Reembolsable por hasta $1 mill\u00f3n a suscribirse entre el Ministerio de Econom\u00eda y Finanzas ( MEF) y el Banco Centroamericano de Integraci\u00f3n Econ\u00f3mica (BCIE) para apoyar al sector Salud en la compra de equipos de optometr\u00eda, audiometr\u00eda,&nbsp; mamograf\u00eda .<\/p>\n\n\n\n<p>Adem\u00e1s, el convenio busca fortalecer el apoyo en la agenda de Educaci\u00f3n STEAM. Este convenio es a 18 meses para ejecuci\u00f3n a trav\u00e9s del MINPRE (despacho primera dama) en coordinaci\u00f3n y con anuencia del Ministerio de Salud y el Ministerio de Educaci\u00f3n.<\/p>\n\n\n\n<p>El segundo convenio autorizado es la suscripci\u00f3n Carta Contrato entre MEF y Banco Mundial como administrador de los fondos de subvenci\u00f3n bajo el Fondo para el Medio Ambiente Mundial por hasta $3.5 millones para ejecutarse en 4 a\u00f1os.<\/p>\n\n\n\n<p>Este convenio no reembolsable es ejecutado por MiAmbiente y busca lograr un impacto con enfoque en la biodiversidad a partir de la promoci\u00f3n de actividades de generaci\u00f3n de ingresos para comunidades y grupos vulnerables, ubicados alrededor de las \u00e1reas nacionales protegida, incluyendo ind\u00edgenas, afro descendientes, , agricultores, familias, cooperativas de producci\u00f3n,&nbsp; operadores de turismo locales y organizaciones comunitarias, entre otras.<\/p>\n","protected":false},"excerpt":{"rendered":"<p>El Consejo de Gabinete autoriz\u00f3 la extensi\u00f3n del Vale Digital Solidario por dos meses m\u00e1s (marzo y abril de 2023) para los beneficiarios activos de este programa de ayuda social que cumplan con los requisitos preestablecidos y tambi\u00e9n aprob\u00f3 convenios de cooperaci\u00f3n no reembolsable para apoyar sectores de Educaci\u00f3n, Salud y el Medio Ambiente. En [&hellip;]<\/p>\n","protected":false},"author":3,"featured_media":600,"comment_status":"open","ping_status":"open","sticky":false,"template":"","format":"standard","meta":{"footnotes":""},"categories":[10],"tags":[],"class_list":["post-595","post","type-post","status-publish","format-standard","has-post-thumbnail","hentry","category-noticias"],"_links":{"self":[{"href":"https:\/\/masnoticiastv.com\/noticias\/wp-json\/wp\/v2\/posts\/595","targetHints":{"allow":["GET"]}}],"collection":[{"href":"https:\/\/masnoticiastv.com\/noticias\/wp-json\/wp\/v2\/posts"}],"about":[{"href":"https:\/\/masnoticiastv.com\/noticias\/wp-json\/wp\/v2\/types\/post"}],"author":[{"embeddable":true,"href":"https:\/\/masnoticiastv.com\/noticias\/wp-json\/wp\/v2\/users\/3"}],"replies":[{"embeddable":true,"href":"https:\/\/masnoticiastv.com\/noticias\/wp-json\/wp\/v2\/comments?post=595"}],"version-history":[{"count":1,"href":"https:\/\/masnoticiastv.com\/noticias\/wp-json\/wp\/v2\/posts\/595\/revisions"}],"predecessor-version":[{"id":601,"href":"https:\/\/masnoticiastv.com\/noticias\/wp-json\/wp\/v2\/posts\/595\/revisions\/601"}],"wp:featuredmedia":[{"embeddable":true,"href":"https:\/\/masnoticiastv.com\/noticias\/wp-json\/wp\/v2\/media\/600"}],"wp:attachment":[{"href":"https:\/\/masnoticiastv.com\/noticias\/wp-json\/wp\/v2\/media?parent=595"}],"wp:term":[{"taxonomy":"category","embeddable":true,"href":"https:\/\/masnoticiastv.com\/noticias\/wp-json\/wp\/v2\/categories?post=595"},{"taxonomy":"post_tag","embeddable":true,"href":"https:\/\/masnoticiastv.com\/noticias\/wp-json\/wp\/v2\/tags?post=595"}],"curies":[{"name":"wp","href":"https:\/\/api.w.org\/{rel}","templated":true}]}}