{"id":602,"date":"2023-03-06T10:38:37","date_gmt":"2023-03-06T15:38:37","guid":{"rendered":"https:\/\/masnoticiastv.com\/noticias\/?p=602"},"modified":"2023-03-06T10:38:37","modified_gmt":"2023-03-06T15:38:37","slug":"presidente-cortizo-cohen-inauguro-nuevas-instalaciones-de-la-escuela-republica-de-italia-en-el-distrito-de-san-miguelito","status":"publish","type":"post","link":"https:\/\/masnoticiastv.com\/noticias\/presidente-cortizo-cohen-inauguro-nuevas-instalaciones-de-la-escuela-republica-de-italia-en-el-distrito-de-san-miguelito\/","title":{"rendered":"<strong>Presidente Cortizo Cohen inaugur\u00f3 nuevas instalaciones de la escuela Rep\u00fablica de Italia en el distrito de San Miguelito<\/strong>"},"content":{"rendered":"\n<ul class=\"wp-block-list\">\n<li>El mandatario aprovech\u00f3 la ocasi\u00f3n para desearles a los estudiantes, docentes y administrativos en todo el pa\u00eds un excelente y provechoso a\u00f1o lectivo 2023.<\/li>\n<\/ul>\n\n\n\n<ul class=\"wp-block-list\">\n<li>Indic\u00f3 que los paname\u00f1os todos tienen tareas y responsabilidades que cumplir con el prop\u00f3sito de mejorar el proceso de ense\u00f1anza aprendizaje.<\/li>\n<\/ul>\n\n\n\n<p>El presidente de la Rep\u00fablica, Laurentino Cortizo Cohen, inaugur\u00f3 este lunes las nuevas instalaciones de la Escuela Rep\u00fablica de Italia en el distrito de San Miguelito, como parte del inicio del a\u00f1o escolar 2023.<\/p>\n\n\n\n<p>En este plantel educativo, la obra incluy\u00f3 dise\u00f1o, desarrollo de planos, demolici\u00f3n, edificaci\u00f3n de salones de clases y otras estructuras, por un monto de B\/. 9,413,226.00 proyecto que beneficia a 894 estudiantes y 40 docentes.<\/p>\n\n\n\n<p>Durante el acto c\u00edvico, el mandatario Cortizo Cohen record\u00f3 a los presentes que su madre era una educadora, mujer de mucho car\u00e1cter y que hoy en d\u00eda, ex alumnos se acuerdan de ella por su m\u00edstica al ense\u00f1ar.<\/p>\n\n\n\n<p>Indic\u00f3 que en el plan de gobierno se habla de educaci\u00f3n como la estrella y debe seguir siendo en las futuras administraciones.<\/p>\n\n\n\n<p>Tambi\u00e9n record\u00f3 que una de las decisiones m\u00e1s dif\u00edciles que tuvo que tomar fue el cierre de las escuelas durante pandemia, \u201cqu\u00e9 contradicci\u00f3n m\u00e1s dura, siendo la educaci\u00f3n la estrella\u201d, pero ninguna de las administraciones pasadas ha tenido que afrontar una situaci\u00f3n como esta.<\/p>\n\n\n\n<figure class=\"wp-block-gallery has-nested-images columns-default is-cropped wp-block-gallery-1 is-layout-flex wp-block-gallery-is-layout-flex\">\n<figure class=\"wp-block-image size-large\"><a href=\"https:\/\/masnoticiastv.com\/noticias\/wp-content\/uploads\/2023\/03\/IMG_20230306_103459_023.webp\"><img fetchpriority=\"high\" decoding=\"async\" width=\"1024\" height=\"682\" data-id=\"604\" src=\"https:\/\/masnoticiastv.com\/noticias\/wp-content\/uploads\/2023\/03\/IMG_20230306_103459_023.webp\" alt=\"\" class=\"wp-image-604\"\/><\/a><\/figure>\n\n\n\n<figure class=\"wp-block-image size-large\"><a href=\"https:\/\/masnoticiastv.com\/noticias\/wp-content\/uploads\/2023\/03\/IMG_20230306_103458_965.webp\"><img decoding=\"async\" width=\"1024\" height=\"682\" data-id=\"603\" src=\"https:\/\/masnoticiastv.com\/noticias\/wp-content\/uploads\/2023\/03\/IMG_20230306_103458_965.webp\" alt=\"\" class=\"wp-image-603\"\/><\/a><\/figure>\n\n\n\n<figure class=\"wp-block-image size-large\"><a href=\"https:\/\/masnoticiastv.com\/noticias\/wp-content\/uploads\/2023\/03\/IMG-20230306-WA0086.jpg\"><img decoding=\"async\" width=\"682\" height=\"1024\" data-id=\"605\" src=\"https:\/\/masnoticiastv.com\/noticias\/wp-content\/uploads\/2023\/03\/IMG-20230306-WA0086.jpg\" alt=\"\" class=\"wp-image-605\" srcset=\"https:\/\/masnoticiastv.com\/noticias\/wp-content\/uploads\/2023\/03\/IMG-20230306-WA0086.jpg 682w, https:\/\/masnoticiastv.com\/noticias\/wp-content\/uploads\/2023\/03\/IMG-20230306-WA0086-200x300.jpg 200w, https:\/\/masnoticiastv.com\/noticias\/wp-content\/uploads\/2023\/03\/IMG-20230306-WA0086-600x901.jpg 600w\" sizes=\"(max-width: 682px) 100vw, 682px\" \/><\/a><\/figure>\n\n\n\n<figure class=\"wp-block-image size-large\"><a href=\"https:\/\/masnoticiastv.com\/noticias\/wp-content\/uploads\/2023\/03\/IMG_20230306_103458_967.webp\"><img loading=\"lazy\" decoding=\"async\" width=\"1024\" height=\"682\" data-id=\"607\" src=\"https:\/\/masnoticiastv.com\/noticias\/wp-content\/uploads\/2023\/03\/IMG_20230306_103458_967.webp\" alt=\"\" class=\"wp-image-607\"\/><\/a><\/figure>\n\n\n\n<figure class=\"wp-block-image size-large\"><a href=\"https:\/\/masnoticiastv.com\/noticias\/wp-content\/uploads\/2023\/03\/IMG-20230306-WA0087.jpg\"><img loading=\"lazy\" decoding=\"async\" width=\"682\" height=\"1024\" data-id=\"606\" src=\"https:\/\/masnoticiastv.com\/noticias\/wp-content\/uploads\/2023\/03\/IMG-20230306-WA0087.jpg\" alt=\"\" class=\"wp-image-606\" srcset=\"https:\/\/masnoticiastv.com\/noticias\/wp-content\/uploads\/2023\/03\/IMG-20230306-WA0087.jpg 682w, https:\/\/masnoticiastv.com\/noticias\/wp-content\/uploads\/2023\/03\/IMG-20230306-WA0087-200x300.jpg 200w, https:\/\/masnoticiastv.com\/noticias\/wp-content\/uploads\/2023\/03\/IMG-20230306-WA0087-600x901.jpg 600w\" sizes=\"(max-width: 682px) 100vw, 682px\" \/><\/a><\/figure>\n\n\n\n<figure class=\"wp-block-image size-large\"><a href=\"https:\/\/masnoticiastv.com\/noticias\/wp-content\/uploads\/2023\/03\/IMG-20230306-WA0085.jpg\"><img loading=\"lazy\" decoding=\"async\" width=\"1024\" height=\"682\" data-id=\"608\" src=\"https:\/\/masnoticiastv.com\/noticias\/wp-content\/uploads\/2023\/03\/IMG-20230306-WA0085.jpg\" alt=\"\" class=\"wp-image-608\" srcset=\"https:\/\/masnoticiastv.com\/noticias\/wp-content\/uploads\/2023\/03\/IMG-20230306-WA0085.jpg 1024w, https:\/\/masnoticiastv.com\/noticias\/wp-content\/uploads\/2023\/03\/IMG-20230306-WA0085-300x200.jpg 300w, https:\/\/masnoticiastv.com\/noticias\/wp-content\/uploads\/2023\/03\/IMG-20230306-WA0085-768x512.jpg 768w, https:\/\/masnoticiastv.com\/noticias\/wp-content\/uploads\/2023\/03\/IMG-20230306-WA0085-600x400.jpg 600w\" sizes=\"(max-width: 1024px) 100vw, 1024px\" \/><\/a><\/figure>\n<\/figure>\n\n\n\n<p>Cortizo Cohen aprovech\u00f3 la oportunidad para decirles a los estudiantes, que la educaci\u00f3n es lo que les da la oportunidad de avanzar en la vida y que lo aprovechen.<\/p>\n\n\n\n<p>Tambi\u00e9n envi\u00f3 un mensaje a los padres de familia para que le digan a sus hijos todos los d\u00edas que los quieren mucho y darles un abrazo, ya que esto mejora su autoestima.<\/p>\n\n\n\n<p>A los docentes les indic\u00f3 que ense\u00f1en a los estudiantes a pensar, a resolver problemas y a trabajar en equipo.<\/p>\n\n\n\n<p>En la escuela Rep\u00fablica de Italia se construyeron 38 aulas te\u00f3ricas, sal\u00f3n de profesores, \u00e1rea de administraci\u00f3n y espacio para padres de familia, as\u00ed como laboratorios de Ciencias y de inform\u00e1tica, biblioteca, cocina- comedor, cl\u00ednica.<\/p>\n\n\n\n<p>Adem\u00e1s de m\u00f3dulos sanitarios, dep\u00f3sitos, cancha de baloncesto techada con vestidores y grader\u00eda. Tanque de reserva de agua potable, cuarto bomba, dep\u00f3sitos, estacionamientos y cerca perimetral, entre otros espacios.<\/p>\n\n\n\n<p>A nivel nacional m\u00e1s de 954 mil 231 estudiantes inician clases en el d\u00eda de hoy en los diferentes niveles del sistema educativo paname\u00f1o, tanto en el sector oficial como en el particular.<\/p>\n\n\n\n<p>A trav\u00e9s del Centro de Operaci\u00f3n Escuelas (CON Escuelas 2023) se intervinieron 2,601 centros escolares.<\/p>\n\n\n\n<p>Acompa\u00f1aron al mandatario Cortizo Cohen, la ministra de Educaci\u00f3n, Maruja Gorday de Villalobos; el viceministro de Infraestructura, Ricardo S\u00e1nchez; &nbsp;la Gobernadora Carla Garc\u00eda; la directora del plantel, M\u00e9lida Asprilla; la directora Regional de Educaci\u00f3n de San Miguelito, Yessenia Vega; entre otras autoridades.<\/p>\n","protected":false},"excerpt":{"rendered":"<p>El presidente de la Rep\u00fablica, Laurentino Cortizo Cohen, inaugur\u00f3 este lunes las nuevas instalaciones de la Escuela Rep\u00fablica de Italia en el distrito de San Miguelito, como parte del inicio del a\u00f1o escolar 2023. En este plantel educativo, la obra incluy\u00f3 dise\u00f1o, desarrollo de planos, demolici\u00f3n, edificaci\u00f3n de salones de clases y otras estructuras, por [&hellip;]<\/p>\n","protected":false},"author":3,"featured_media":609,"comment_status":"open","ping_status":"open","sticky":false,"template":"","format":"standard","meta":{"footnotes":""},"categories":[10],"tags":[],"class_list":["post-602","post","type-post","status-publish","format-standard","has-post-thumbnail","hentry","category-noticias"],"_links":{"self":[{"href":"https:\/\/masnoticiastv.com\/noticias\/wp-json\/wp\/v2\/posts\/602","targetHints":{"allow":["GET"]}}],"collection":[{"href":"https:\/\/masnoticiastv.com\/noticias\/wp-json\/wp\/v2\/posts"}],"about":[{"href":"https:\/\/masnoticiastv.com\/noticias\/wp-json\/wp\/v2\/types\/post"}],"author":[{"embeddable":true,"href":"https:\/\/masnoticiastv.com\/noticias\/wp-json\/wp\/v2\/users\/3"}],"replies":[{"embeddable":true,"href":"https:\/\/masnoticiastv.com\/noticias\/wp-json\/wp\/v2\/comments?post=602"}],"version-history":[{"count":1,"href":"https:\/\/masnoticiastv.com\/noticias\/wp-json\/wp\/v2\/posts\/602\/revisions"}],"predecessor-version":[{"id":610,"href":"https:\/\/masnoticiastv.com\/noticias\/wp-json\/wp\/v2\/posts\/602\/revisions\/610"}],"wp:featuredmedia":[{"embeddable":true,"href":"https:\/\/masnoticiastv.com\/noticias\/wp-json\/wp\/v2\/media\/609"}],"wp:attachment":[{"href":"https:\/\/masnoticiastv.com\/noticias\/wp-json\/wp\/v2\/media?parent=602"}],"wp:term":[{"taxonomy":"category","embeddable":true,"href":"https:\/\/masnoticiastv.com\/noticias\/wp-json\/wp\/v2\/categories?post=602"},{"taxonomy":"post_tag","embeddable":true,"href":"https:\/\/masnoticiastv.com\/noticias\/wp-json\/wp\/v2\/tags?post=602"}],"curies":[{"name":"wp","href":"https:\/\/api.w.org\/{rel}","templated":true}]}}