{"id":611,"date":"2023-03-06T10:42:19","date_gmt":"2023-03-06T15:42:19","guid":{"rendered":"https:\/\/masnoticiastv.com\/noticias\/?p=611"},"modified":"2023-03-06T10:49:40","modified_gmt":"2023-03-06T15:49:40","slug":"611-2","status":"publish","type":"post","link":"https:\/\/masnoticiastv.com\/noticias\/611-2\/","title":{"rendered":"<strong>Las ventas del Samsung Galaxy S23 comienzan oficialmente hoy en<\/strong> <strong>Panam\u00e1<\/strong>"},"content":{"rendered":"\n<p><em>El per\u00edodo de preventa del modelo fue marcado por el \u00e9xito, con m\u00e1s de 70% de pedidos en comparaci\u00f3n con su modelo antecesor en Am\u00e9rica Latina, en el per\u00edodo del 1 al 26 de febrero<\/em>&nbsp;<\/p>\n\n\n\n<p>Las ventas del nuevo Samsung Galaxy S23 comienzan oficialmente en Panam\u00e1. Como resultado, los smartphones de la Serie S ahora van a ser vendidos en las tiendas Samsung y distribuidores autorizados al ser adquiridos por el sitio web <a href=\"https:\/\/shop.samsung.com\/latin\/pa\/\">https:\/\/shop.samsung.com\/latin\/pa\/<\/a><\/p>\n\n\n\n<p>Durante el per\u00edodo de preventa que culmin\u00f3 el 1 de marzo, el S23 super\u00f3 a su antecesor en m\u00e1s de un 70% en Am\u00e9rica Latina. Este a\u00f1o, los resultados fueron a\u00fan mayores, siendo el modelo S23 Ultra el preferido por 59% de los consumidores latinos.&nbsp;<\/p>\n\n\n\n<p>\u00abEl \u00e9xito de preventa S23 en comparaci\u00f3n con el modelo anterior refuerza el compromiso de Samsung con la oferta de tel\u00e9fonos inteligentes cada vez m\u00e1s potentes y sostenibles, alineados con la demanda de innovaci\u00f3n del consumidor paname\u00f1o. Aprecio la confianza en Samsung y nuestra l\u00ednea Galaxy, reforzada por las grandes ventas de nuestro ultra superior de la l\u00ednea\u201d, dijo Sang Jik Lee, presidente de Samsung Centroam\u00e9rica y El Caribe.\u00a0<\/p>\n\n\n\n<figure class=\"wp-block-gallery has-nested-images columns-default is-cropped wp-block-gallery-1 is-layout-flex wp-block-gallery-is-layout-flex\">\n<figure class=\"wp-block-image size-large\"><a href=\"https:\/\/masnoticiastv.com\/noticias\/wp-content\/uploads\/2023\/03\/IMG-20230306-WA0078.jpg\"><img fetchpriority=\"high\" decoding=\"async\" width=\"1000\" height=\"671\" data-id=\"615\" src=\"https:\/\/masnoticiastv.com\/noticias\/wp-content\/uploads\/2023\/03\/IMG-20230306-WA0078.jpg\" alt=\"\" class=\"wp-image-615\" srcset=\"https:\/\/masnoticiastv.com\/noticias\/wp-content\/uploads\/2023\/03\/IMG-20230306-WA0078.jpg 1000w, https:\/\/masnoticiastv.com\/noticias\/wp-content\/uploads\/2023\/03\/IMG-20230306-WA0078-300x201.jpg 300w, https:\/\/masnoticiastv.com\/noticias\/wp-content\/uploads\/2023\/03\/IMG-20230306-WA0078-768x515.jpg 768w, https:\/\/masnoticiastv.com\/noticias\/wp-content\/uploads\/2023\/03\/IMG-20230306-WA0078-600x403.jpg 600w\" sizes=\"(max-width: 1000px) 100vw, 1000px\" \/><\/a><\/figure>\n\n\n\n<figure class=\"wp-block-image size-large\"><a href=\"https:\/\/masnoticiastv.com\/noticias\/wp-content\/uploads\/2023\/03\/IMG-20230306-WA0077.jpg\"><img decoding=\"async\" width=\"1000\" height=\"563\" data-id=\"614\" src=\"https:\/\/masnoticiastv.com\/noticias\/wp-content\/uploads\/2023\/03\/IMG-20230306-WA0077.jpg\" alt=\"\" class=\"wp-image-614\" srcset=\"https:\/\/masnoticiastv.com\/noticias\/wp-content\/uploads\/2023\/03\/IMG-20230306-WA0077.jpg 1000w, https:\/\/masnoticiastv.com\/noticias\/wp-content\/uploads\/2023\/03\/IMG-20230306-WA0077-300x169.jpg 300w, https:\/\/masnoticiastv.com\/noticias\/wp-content\/uploads\/2023\/03\/IMG-20230306-WA0077-768x432.jpg 768w, https:\/\/masnoticiastv.com\/noticias\/wp-content\/uploads\/2023\/03\/IMG-20230306-WA0077-600x338.jpg 600w\" sizes=\"(max-width: 1000px) 100vw, 1000px\" \/><\/a><\/figure>\n<\/figure>\n\n\n\n<p>\u201cEste resultado expresa el momento actual del consumidor latino, con un poderoso mercado para tel\u00e9fonos premium. El aumento durante la preventa en comparaci\u00f3n con 2022, apunta que el compromiso de Samsung con la oferta de tel\u00e9fonos inteligentes cada vez m\u00e1s potentes y sostenibles est\u00e1 alineado con la demanda de innovaci\u00f3n en&nbsp; Panam\u00e1 manifest\u00f3 Lee.<\/p>\n\n\n\n<p>La serie Galaxy S23 representa una nueva era de la mejor experiencia de tel\u00e9fono premium de Samsung. Su nuevo sensor Adaptive Pixel de 200MP y el ic\u00f3nico S Pen incorporado, brindan a los usuarios m\u00e1s libertad para explorar su creatividad. Con un rendimiento a\u00fan m\u00e1s r\u00e1pido<sup>1<\/sup>&nbsp; gracias al exclusivo conjunto de chips Snapdragon\u00ae 8 Gen 2 para Galaxy, los usuarios pueden experimentar el mejor rendimiento de un celular para juegos. La familia de productos S23 tambi\u00e9n se destaca por tener la mayor cantidad de materiales reciclados en su composici\u00f3n que cualquier otro smartphone<sup>2<\/sup>&nbsp; Samsung Galaxy.&nbsp;<\/p>\n\n\n\n<p>La serie Galaxy S23 ya viene con One UI 5.1, la \u00faltima interfaz de usuario para dispositivos Galaxy, que ampl\u00eda las capacidades de la c\u00e1mara que ahora tienen una mayor flexibilidad para crear fotos de calidad profesional con la aplicaci\u00f3n nativa Expert RAW4. Adem\u00e1s de proporcionar varias funciones de personalizaci\u00f3n nuevas, como el cambio autom\u00e1tico de la pantalla de bloqueo de acuerdo con el pron\u00f3stico del tiempo en su ubicaci\u00f3n actual; o la recomendaci\u00f3n de canciones de Spotify y seg\u00fan la rutina registrada por el usuario en su tel\u00e9fono, como temas para relajarse durante el modo \u201cno molestar\u201d.&nbsp;<\/p>\n\n\n\n<p><strong>Los colores que todos quieren<\/strong>&nbsp;<\/p>\n\n\n\n<p>El Galaxy S23 Ultra, Galaxy S23+ y el Galaxy S23 est\u00e1n actualmente disponibles para su compra en operadores y minoristas y en la tienda online de Samsung, disponibles en cuatro tonos mates inspirados en la naturaleza: Phantom Black, Cream, Green y Lavender. Adem\u00e1s de colores \u00fanicos y exclusivos online, solo disponibles en samsung.com: Graphite, Lime, Sky Blue y Red<sup> <\/sup>&nbsp;(la disponibilidad de colores puede variar por pa\u00eds).&nbsp;<\/p>\n\n\n\n<p>Para obtener m\u00e1s informaci\u00f3n sobre la serie Galaxy S23, visita&nbsp;<a href=\"http:\/\/news.samsung.com\/latin\">http:\/\/news.samsung.com\/latin<\/a><\/p>\n","protected":false},"excerpt":{"rendered":"<p>El per\u00edodo de preventa del modelo fue marcado por el \u00e9xito, con m\u00e1s de 70% de pedidos en comparaci\u00f3n con su modelo antecesor en Am\u00e9rica Latina, en el per\u00edodo del 1 al 26 de febrero&nbsp; Las ventas del nuevo Samsung Galaxy S23 comienzan oficialmente en Panam\u00e1. Como resultado, los smartphones de la Serie S ahora [&hellip;]<\/p>\n","protected":false},"author":3,"featured_media":616,"comment_status":"open","ping_status":"open","sticky":false,"template":"","format":"standard","meta":{"footnotes":""},"categories":[14],"tags":[54,55,31],"class_list":["post-611","post","type-post","status-publish","format-standard","has-post-thumbnail","hentry","category-lanzamientos","tag-masnoticiastv","tag-panama","tag-tech"],"_links":{"self":[{"href":"https:\/\/masnoticiastv.com\/noticias\/wp-json\/wp\/v2\/posts\/611","targetHints":{"allow":["GET"]}}],"collection":[{"href":"https:\/\/masnoticiastv.com\/noticias\/wp-json\/wp\/v2\/posts"}],"about":[{"href":"https:\/\/masnoticiastv.com\/noticias\/wp-json\/wp\/v2\/types\/post"}],"author":[{"embeddable":true,"href":"https:\/\/masnoticiastv.com\/noticias\/wp-json\/wp\/v2\/users\/3"}],"replies":[{"embeddable":true,"href":"https:\/\/masnoticiastv.com\/noticias\/wp-json\/wp\/v2\/comments?post=611"}],"version-history":[{"count":3,"href":"https:\/\/masnoticiastv.com\/noticias\/wp-json\/wp\/v2\/posts\/611\/revisions"}],"predecessor-version":[{"id":617,"href":"https:\/\/masnoticiastv.com\/noticias\/wp-json\/wp\/v2\/posts\/611\/revisions\/617"}],"wp:featuredmedia":[{"embeddable":true,"href":"https:\/\/masnoticiastv.com\/noticias\/wp-json\/wp\/v2\/media\/616"}],"wp:attachment":[{"href":"https:\/\/masnoticiastv.com\/noticias\/wp-json\/wp\/v2\/media?parent=611"}],"wp:term":[{"taxonomy":"category","embeddable":true,"href":"https:\/\/masnoticiastv.com\/noticias\/wp-json\/wp\/v2\/categories?post=611"},{"taxonomy":"post_tag","embeddable":true,"href":"https:\/\/masnoticiastv.com\/noticias\/wp-json\/wp\/v2\/tags?post=611"}],"curies":[{"name":"wp","href":"https:\/\/api.w.org\/{rel}","templated":true}]}}