{"id":631,"date":"2023-03-06T19:25:51","date_gmt":"2023-03-07T00:25:51","guid":{"rendered":"https:\/\/masnoticiastv.com\/noticias\/?p=631"},"modified":"2023-03-06T19:27:31","modified_gmt":"2023-03-07T00:27:31","slug":"panama-es-sede-del-5to-foro-internacional-espacial-a-nivel-ministerial-2023-capitulo-centroamerica-y-el-caribe","status":"publish","type":"post","link":"https:\/\/masnoticiastv.com\/noticias\/panama-es-sede-del-5to-foro-internacional-espacial-a-nivel-ministerial-2023-capitulo-centroamerica-y-el-caribe\/","title":{"rendered":"<strong>PANAM\u00c1 ES SEDE DEL 5TO. FORO INTERNACIONAL ESPACIAL A NIVEL MINISTERIAL 2023, CAP\u00cdTULO CENTROAM\u00c9RICA Y EL CARIBE<\/strong>"},"content":{"rendered":"\n<ul class=\"wp-block-list\">\n<li><em>El evento es organizado por la Universidad Tecnol\u00f3gica de Panam\u00e1 y SENACYT<\/em><\/li>\n\n\n\n<li><em>Contar\u00e1 con la participaci\u00f3n del presidente de la Agencia Espacial Italiana<\/em><\/li>\n<\/ul>\n\n\n\n<p>Panam\u00e1 es sede por primera vez del Foro Internacional Espacial a nivel ministerial, que en esta ocasi\u00f3n realiza su quinta edici\u00f3n el 6 de marzo, con el tema <em>\u201cCiencia Espacial y Tecnolog\u00eda para mejorar las oportunidades regionales y afrontar mejor los retos locales\u201d.<\/em><\/p>\n\n\n\n<p>Este Foro es organizado por la Agencia Espacial Italiana, la Federaci\u00f3n Internacional de Astron\u00e1utica y la Universidad Tecnol\u00f3gica de Panam\u00e1 (UTP), con el apoyo de la Secretar\u00eda Nacional de Ciencia y Tecnolog\u00eda (SENACYT) y el Ministerio de Relaciones Exteriores de Panam\u00e1.<\/p>\n\n\n\n<p>Contar\u00e1 con la participaci\u00f3n de representantes de diversos pa\u00edses, la academia, centros de investigaci\u00f3n y con la participaci\u00f3n especial del presidente de la Agencia Espacial Italiana (ASI) y Asesor Especial del presidente de la Federaci\u00f3n Astron\u00e1utica Internacional (FAI) para el Foro Espacial Internacional (FSI), Giorgio Saccoccia.<\/p>\n\n\n\n<p>Entre los temas que se tratar\u00e1n en el Foro se encuentran: el espacio y la seguridad alimentaria, sistemas por sat\u00e9lite de apoyo a la gesti\u00f3n de emergencias, el mejoramiento de la vigilancia del agua y la econom\u00eda azul a trav\u00e9s del espacio. Al finalizar las sesiones, se adoptar\u00e1 \u201cla P\u00e1gina de Panam\u00e1\u201d, que se agregar\u00e1 a pronunciamientos acordados en los Foros anteriores.<\/p>\n\n\n\n<p>El Dr. Rodney Delgado, director nacional del Centro de Ciencias Espaciales de la UTP, explic\u00f3 que Panam\u00e1 est\u00e1 realizando importantes esfuerzos para el desarrollo de las Ciencias Espaciales en el pa\u00eds. \u201cLa Universidad Tecnol\u00f3gica de Panam\u00e1, a trav\u00e9s de la Direcci\u00f3n Nacional de Ciencias Espaciales, desarrolla proyectos que permiten generar capacidad de uso de datos satelitales para su aplicaci\u00f3n en distintos sectores. En general, existe una sinergia entre diversas entidades: sector acad\u00e9mico, de investigaci\u00f3n y de gobierno, que en conjunto trabajan desde sus \u00e1reas de desarrollo para que el pa\u00eds se empodere en el campo espacial. A la fecha hemos logrado importantes hitos en materia de representaci\u00f3n como pa\u00eds ante importantes entes Internacionales del sector espacial como COPUOS, UNOOSA (Comit\u00e9 para la utilizaci\u00f3n del espacio exterior con fines pac\u00edficos, por sus siglas en ingl\u00e9s)\u201d, indic\u00f3 Delgado.<\/p>\n\n\n\n<p>Para Rodney Delgado, el desarrollo de foros como este permite la interacci\u00f3n entre los sectores que desarrollan experiencia y los tomadores de decisiones. \u201cCreemos que esta interacci\u00f3n es importante para continuar avanzando el desarrollo de las Ciencias Espaciales en la regi\u00f3n y es a\u00fan m\u00e1s relevante teniendo el apoyo de la Comunidad Europea, como es el caso de la Agencia Espacial Italiana y la Federaci\u00f3n Internacional de Aeron\u00e1utica\u201d, afirm\u00f3.<\/p>\n","protected":false},"excerpt":{"rendered":"<p>Panam\u00e1 es sede por primera vez del Foro Internacional Espacial a nivel ministerial, que en esta ocasi\u00f3n realiza su quinta edici\u00f3n el 6 de marzo, con el tema \u201cCiencia Espacial y Tecnolog\u00eda para mejorar las oportunidades regionales y afrontar mejor los retos locales\u201d. Este Foro es organizado por la Agencia Espacial Italiana, la Federaci\u00f3n Internacional [&hellip;]<\/p>\n","protected":false},"author":3,"featured_media":633,"comment_status":"open","ping_status":"open","sticky":false,"template":"","format":"standard","meta":{"footnotes":""},"categories":[12,10],"tags":[76,54,55],"class_list":["post-631","post","type-post","status-publish","format-standard","has-post-thumbnail","hentry","category-deporte","category-noticias","tag-deportes","tag-masnoticiastv","tag-panama"],"_links":{"self":[{"href":"https:\/\/masnoticiastv.com\/noticias\/wp-json\/wp\/v2\/posts\/631","targetHints":{"allow":["GET"]}}],"collection":[{"href":"https:\/\/masnoticiastv.com\/noticias\/wp-json\/wp\/v2\/posts"}],"about":[{"href":"https:\/\/masnoticiastv.com\/noticias\/wp-json\/wp\/v2\/types\/post"}],"author":[{"embeddable":true,"href":"https:\/\/masnoticiastv.com\/noticias\/wp-json\/wp\/v2\/users\/3"}],"replies":[{"embeddable":true,"href":"https:\/\/masnoticiastv.com\/noticias\/wp-json\/wp\/v2\/comments?post=631"}],"version-history":[{"count":2,"href":"https:\/\/masnoticiastv.com\/noticias\/wp-json\/wp\/v2\/posts\/631\/revisions"}],"predecessor-version":[{"id":634,"href":"https:\/\/masnoticiastv.com\/noticias\/wp-json\/wp\/v2\/posts\/631\/revisions\/634"}],"wp:featuredmedia":[{"embeddable":true,"href":"https:\/\/masnoticiastv.com\/noticias\/wp-json\/wp\/v2\/media\/633"}],"wp:attachment":[{"href":"https:\/\/masnoticiastv.com\/noticias\/wp-json\/wp\/v2\/media?parent=631"}],"wp:term":[{"taxonomy":"category","embeddable":true,"href":"https:\/\/masnoticiastv.com\/noticias\/wp-json\/wp\/v2\/categories?post=631"},{"taxonomy":"post_tag","embeddable":true,"href":"https:\/\/masnoticiastv.com\/noticias\/wp-json\/wp\/v2\/tags?post=631"}],"curies":[{"name":"wp","href":"https:\/\/api.w.org\/{rel}","templated":true}]}}