{"id":734,"date":"2023-03-24T20:27:59","date_gmt":"2023-03-25T01:27:59","guid":{"rendered":"https:\/\/masnoticiastv.com\/noticias\/?p=734"},"modified":"2023-03-31T11:47:54","modified_gmt":"2023-03-31T16:47:54","slug":"talenpro-proyecto-de-fundacion-puertas-abiertas-de-erika-ender-recibe-titulo-de-guinness-world-records","status":"publish","type":"post","link":"https:\/\/masnoticiastv.com\/noticias\/talenpro-proyecto-de-fundacion-puertas-abiertas-de-erika-ender-recibe-titulo-de-guinness-world-records\/","title":{"rendered":"TALENPRO proyecto de Fundaci\u00f3n Puertas Abiertas de Erika Ender, recibe t\u00edtulo de <strong>GUINNESS WORLD RECORDS&#x2122;&#xfe0f;<\/strong>"},"content":{"rendered":"\n<p><strong>por ser la competencia de proyectos de desarrollo social\/global m\u00e1s grande del mundo<\/strong>. En un emotivo acto realizado en la residencia de la embajadora de los Estados Unidos en Panam\u00e1, Mari Carmen Aponte, la prestigiosa compa\u00f1\u00eda Guinness World Records, hizo entrega de un reconocimiento de talla mundial al programa TalenPro proyecto insignia de la Fundaci\u00f3n Puertas Abiertas creado por su presidenta, la artista y fil\u00e1ntropa paname\u00f1a, Erika Ender, cuyo objetivo es promover que j\u00f3venes estudiantes pongan a disposici\u00f3n sus talentos para beneficio de los m\u00e1s necesitados.&nbsp;<\/p>\n\n\n\n<p>\u201cPara nosotros en TalenPro y Fundaci\u00f3n Puertas Abiertas es un verdadero honor que el esfuerzo de todo un equipo y de un pa\u00eds se vea reconocido con este t\u00edtulo de Guinness World Records del largest social\/ global development project competition.&nbsp; Es realmente especial lo que puede lograr la conjunci\u00f3n del Talento y el Prop\u00f3sito. Hacer el bien transforma y utilizar el arte y la inteligencia emocional en pro de la sociedad y de la educaci\u00f3n es la mejor recompensa. Que encima de eso, todo el esfuerzo sea reconocido, es una bendici\u00f3n.\u201d se\u00f1al\u00f3 Erika Ender.<\/p>\n\n\n\n<p>TalenPro rompi\u00f3 el r\u00e9cord de&nbsp; \u201c<strong>largest social\/ global development project competition<\/strong>\u201d (<strong> la competencia de proyectos de desarrollo social\/ global m\u00e1s grande del mundo).&nbsp;&nbsp;<\/strong><\/p>\n\n\n\n<p>Guinness World Records es la autoridad mundial en materia de r\u00e9cords; &nbsp;resaltan tanto las obras de car\u00e1cter humano como las que tienen que ver con el mundo natural.<\/p>\n\n\n\n<figure class=\"wp-block-gallery has-nested-images columns-default is-cropped wp-block-gallery-1 is-layout-flex wp-block-gallery-is-layout-flex\">\n<figure class=\"wp-block-image size-large\"><a href=\"https:\/\/masnoticiastv.com\/noticias\/wp-content\/uploads\/2023\/03\/20230324_202615.jpg\"><img fetchpriority=\"high\" decoding=\"async\" width=\"1024\" height=\"647\" data-id=\"736\" src=\"https:\/\/masnoticiastv.com\/noticias\/wp-content\/uploads\/2023\/03\/20230324_202615-1024x647.jpg\" alt=\"\" class=\"wp-image-736\" srcset=\"https:\/\/masnoticiastv.com\/noticias\/wp-content\/uploads\/2023\/03\/20230324_202615-1024x647.jpg 1024w, https:\/\/masnoticiastv.com\/noticias\/wp-content\/uploads\/2023\/03\/20230324_202615-300x189.jpg 300w, https:\/\/masnoticiastv.com\/noticias\/wp-content\/uploads\/2023\/03\/20230324_202615-768x485.jpg 768w, https:\/\/masnoticiastv.com\/noticias\/wp-content\/uploads\/2023\/03\/20230324_202615-600x379.jpg 600w, https:\/\/masnoticiastv.com\/noticias\/wp-content\/uploads\/2023\/03\/20230324_202615.jpg 1080w\" sizes=\"(max-width: 1024px) 100vw, 1024px\" \/><\/a><\/figure>\n\n\n\n<figure class=\"wp-block-image size-large\"><a href=\"https:\/\/masnoticiastv.com\/noticias\/wp-content\/uploads\/2023\/03\/20230324_202530.jpg\"><img decoding=\"async\" width=\"1024\" height=\"705\" data-id=\"737\" src=\"https:\/\/masnoticiastv.com\/noticias\/wp-content\/uploads\/2023\/03\/20230324_202530-1024x705.jpg\" alt=\"\" class=\"wp-image-737\" srcset=\"https:\/\/masnoticiastv.com\/noticias\/wp-content\/uploads\/2023\/03\/20230324_202530-1024x705.jpg 1024w, https:\/\/masnoticiastv.com\/noticias\/wp-content\/uploads\/2023\/03\/20230324_202530-300x207.jpg 300w, https:\/\/masnoticiastv.com\/noticias\/wp-content\/uploads\/2023\/03\/20230324_202530-768x529.jpg 768w, https:\/\/masnoticiastv.com\/noticias\/wp-content\/uploads\/2023\/03\/20230324_202530-600x413.jpg 600w, https:\/\/masnoticiastv.com\/noticias\/wp-content\/uploads\/2023\/03\/20230324_202530.jpg 1080w\" sizes=\"(max-width: 1024px) 100vw, 1024px\" \/><\/a><\/figure>\n\n\n\n<figure class=\"wp-block-image size-large\"><a href=\"https:\/\/masnoticiastv.com\/noticias\/wp-content\/uploads\/2023\/03\/20230324_202505.jpg\"><img decoding=\"async\" width=\"1024\" height=\"690\" data-id=\"738\" src=\"https:\/\/masnoticiastv.com\/noticias\/wp-content\/uploads\/2023\/03\/20230324_202505-1024x690.jpg\" alt=\"\" class=\"wp-image-738\" srcset=\"https:\/\/masnoticiastv.com\/noticias\/wp-content\/uploads\/2023\/03\/20230324_202505-1024x690.jpg 1024w, https:\/\/masnoticiastv.com\/noticias\/wp-content\/uploads\/2023\/03\/20230324_202505-300x202.jpg 300w, https:\/\/masnoticiastv.com\/noticias\/wp-content\/uploads\/2023\/03\/20230324_202505-768x518.jpg 768w, https:\/\/masnoticiastv.com\/noticias\/wp-content\/uploads\/2023\/03\/20230324_202505-600x404.jpg 600w, https:\/\/masnoticiastv.com\/noticias\/wp-content\/uploads\/2023\/03\/20230324_202505.jpg 1080w\" sizes=\"(max-width: 1024px) 100vw, 1024px\" \/><\/a><\/figure>\n<\/figure>\n\n\n\n<p>Bajo la premisa de que el talento que se utiliza en beneficio de los dem\u00e1s, se convierte en arte que transforma vidas, TalenPro (Talento con Prop\u00f3sito) se ha convertido en un proyecto \u00fanico e inexistente en el mundo, en el que se incentiva a los j\u00f3venes de etapa escolar (XI y XII) grado de los planteles oficiales y particulares de todo Panam\u00e1, para que exploten cada uno de esos talentos a nivel individual o grupal y los mismos tienen que ser canalizados a buenas causas, especialmente dirigidas a las personas y comunidades m\u00e1s necesitadas de la geograf\u00eda nacional.<\/p>\n\n\n\n<p>Lanzado en 2017, a lo largo de siete a\u00f1os, TalenPro ha rendido grandes frutos beneficiando a m\u00e1s de 20,000 paname\u00f1os a lo largo de la Rep\u00fablica. Por mencionar tan solo algunas de las metas alcanzadas gracias a la uni\u00f3n de j\u00f3venes concursantes, patrocinadores, aliados locales e internacionales, y los medios de comunicaci\u00f3n social, se ha logrado promover la solidaridad y responsabilidad social de m\u00e1s de 2,300 estudiantes y 200 profesores que han recibido seminarios de herramientas para la vida, un aporte que de seguro impactar\u00e1 en cada uno ellos y en los que reciban ese beneficio.<\/p>\n\n\n\n<p>Tambi\u00e9n se han restaurado 36 escuelas primarias y mejorado otras 15 del nivel secundario, a lo largo del pa\u00eds beneficiando a m\u00e1s de 12,000 ni\u00f1os y j\u00f3venes. Actualmente se cuenta con 190 estudiantes becados (62 de ellos con becas completas, de todos sus estudios universitarios pagados en Panam\u00e1 y\/o el extranjero, incluyendo vivienda y alimentaci\u00f3n); adem\u00e1s de m\u00faltiples premios transformadores de vida, para finalistas y ganadores.<\/p>\n\n\n\n<p>Alrededor de 3,877 ni\u00f1os y ni\u00f1as recibieron alimentaci\u00f3n completa durante 3 meses consecutivos a nivel nacional, como ayuda humanitaria, ante la crisis del Covid19, durante su cuarentena obligatoria y se ha impulsado con \u00e9xito el programa Familias Sostenibles, que consiste en el establecimiento de huertos caseros y cr\u00eda de aves, llevando sostenibilidad y emprendimiento familiar a hogares de extrema pobreza, a nivel nacional se cuenta con 222 proyectos de agricultura familiar en 8 provincias, beneficiando a 1,173 personas, en su mayor\u00eda ni\u00f1os con malnutrici\u00f3n.<\/p>\n\n\n\n<p>&nbsp;TalenPro es mucho m\u00e1s que un concurso, es una plataforma del arte, la cultura y el entretenimiento sano y de alt\u00edsima calidad, una f\u00e1brica para fomentar valores en el que a trav\u00e9s del talento para el baile, la creaci\u00f3n de audiovisuales, el canto, y la composici\u00f3n, los j\u00f3venes contribuyen como parte de la Responsabilidad Social en beneficio de los dem\u00e1s.<\/p>\n\n\n\n<p>El acto de premiaci\u00f3n estuvo presidido por la embajadora de Estados Unidos, Mari Carmen Aponte y la embajadora cultural y presidenta de la Fundaci\u00f3n Puertas Abiertas, Erika Ender, quienes estuvieron acompa\u00f1adas de reconocidos artistas, personalidades nacionales e internacionales que han formado parte del proyecto a lo largo de sus 7 a\u00f1os de existencia, (entre ellos el reconocido y multipremiado comunicador y estratega de inteligencia emocional Ismael Cala, quien es padrino de este proyecto aportando cada a\u00f1o su talento en escena y becas a trav\u00e9s de Cala Foundation), autoridades gubernamentales, la Primera Dama de la Rep\u00fablica Yazm\u00edn de Cortizo, y medios de comunicaci\u00f3n social de corte nacional e internacional.<\/p>\n\n\n\n<p>La ceremonia cont\u00f3 con la presencia del Adjudicador Oficial de <strong>GUINNESS WORLD RECORDS<\/strong>, Alfredo Arista. TalenPro es el resultado de un trabajo muy duro muy duro, cuyo esfuerzo proviene de personas comprometidas y dedicadas al bienestar del pr\u00f3jimo. Es un proyecto muy noble y sumamente interesante. Es para m\u00ed un placer estar aqu\u00ed presente y reconocerlos por su labor. Felicitaciones y bienvenidos a la familia de Guinness World Records\u201d, expres\u00f3 Arista.<\/p>\n\n\n\n<p>Para m\u00e1s informaci\u00f3n sobre TalenPro:<a href=\"https:\/\/protect-eu.mimecast.com\/s\/AYswCoYBMfQr7JH1Qv8b?domain=talenpropanama.com\/\">www.talenpropanama.com<\/a><a href=\"https:\/\/protect-eu.mimecast.com\/s\/AYswCoYBMfQr7JH1Qv8b?domain=talenpropanama.com\/\"><\/a><\/p>\n\n\n\n<p>Para m\u00e1s informaci\u00f3n sobre Fundaci\u00f3n Puertas Abiertas:<a href=\"https:\/\/protect-eu.mimecast.com\/s\/CGuaCpgDNF7njPSDBiaE?domain=funpaee.org\/\">www.funpaee.org<\/a><a href=\"https:\/\/protect-eu.mimecast.com\/s\/CGuaCpgDNF7njPSDBiaE?domain=funpaee.org\/\"><\/a><\/p>\n\n\n\n<p>Para m\u00e1s informaci\u00f3n sobre Erika Ender:<a href=\"https:\/\/protect-eu.mimecast.com\/s\/Ywl1Cr0GPfW85XfyOwjL?domain=erikaender.com\/\"> <\/a><a href=\"https:\/\/protect-eu.mimecast.com\/s\/Ywl1Cr0GPfW85XfyOwjL?domain=erikaender.com\/\">www.erikaender.com<\/a><a href=\"https:\/\/protect-eu.mimecast.com\/s\/Ywl1Cr0GPfW85XfyOwjL?domain=erikaender.com\/\"><\/a><\/p>\n","protected":false},"excerpt":{"rendered":"<p>por ser la competencia de proyectos de desarrollo social\/global m\u00e1s grande del mundo. En un emotivo acto realizado en la residencia de la embajadora de los Estados Unidos en Panam\u00e1, Mari Carmen Aponte, la prestigiosa compa\u00f1\u00eda Guinness World Records, hizo entrega de un reconocimiento de talla mundial al programa TalenPro proyecto insignia de la Fundaci\u00f3n [&hellip;]<\/p>\n","protected":false},"author":3,"featured_media":735,"comment_status":"open","ping_status":"open","sticky":false,"template":"","format":"standard","meta":{"footnotes":""},"categories":[11],"tags":[],"class_list":["post-734","post","type-post","status-publish","format-standard","has-post-thumbnail","hentry","category-farandula"],"_links":{"self":[{"href":"https:\/\/masnoticiastv.com\/noticias\/wp-json\/wp\/v2\/posts\/734","targetHints":{"allow":["GET"]}}],"collection":[{"href":"https:\/\/masnoticiastv.com\/noticias\/wp-json\/wp\/v2\/posts"}],"about":[{"href":"https:\/\/masnoticiastv.com\/noticias\/wp-json\/wp\/v2\/types\/post"}],"author":[{"embeddable":true,"href":"https:\/\/masnoticiastv.com\/noticias\/wp-json\/wp\/v2\/users\/3"}],"replies":[{"embeddable":true,"href":"https:\/\/masnoticiastv.com\/noticias\/wp-json\/wp\/v2\/comments?post=734"}],"version-history":[{"count":2,"href":"https:\/\/masnoticiastv.com\/noticias\/wp-json\/wp\/v2\/posts\/734\/revisions"}],"predecessor-version":[{"id":789,"href":"https:\/\/masnoticiastv.com\/noticias\/wp-json\/wp\/v2\/posts\/734\/revisions\/789"}],"wp:featuredmedia":[{"embeddable":true,"href":"https:\/\/masnoticiastv.com\/noticias\/wp-json\/wp\/v2\/media\/735"}],"wp:attachment":[{"href":"https:\/\/masnoticiastv.com\/noticias\/wp-json\/wp\/v2\/media?parent=734"}],"wp:term":[{"taxonomy":"category","embeddable":true,"href":"https:\/\/masnoticiastv.com\/noticias\/wp-json\/wp\/v2\/categories?post=734"},{"taxonomy":"post_tag","embeddable":true,"href":"https:\/\/masnoticiastv.com\/noticias\/wp-json\/wp\/v2\/tags?post=734"}],"curies":[{"name":"wp","href":"https:\/\/api.w.org\/{rel}","templated":true}]}}