{"id":891,"date":"2023-04-24T22:29:16","date_gmt":"2023-04-25T03:29:16","guid":{"rendered":"https:\/\/masnoticiastv.com\/noticias\/?p=891"},"modified":"2023-04-24T22:29:16","modified_gmt":"2023-04-25T03:29:16","slug":"bandon-se-postula-como-pre-candidato-a-la-presidencia-de-la-republica","status":"publish","type":"post","link":"https:\/\/masnoticiastv.com\/noticias\/bandon-se-postula-como-pre-candidato-a-la-presidencia-de-la-republica\/","title":{"rendered":"Bandon se postula como pre candidato a la  presidencia de la Rep\u00fablica"},"content":{"rendered":"\n<p id=\"m93-92-94\">El presidente del opositor Partido Paname\u00f1ista, Jos\u00e9 Isabel Bland\u00f3n, se postul\u00f3 este domingo como pre candidato a la Presidencia de la Rep\u00fablica por esta agrupaci\u00f3n pol\u00edtica, tras lo cual fustigo al Gobierno, a candidatos del oficialismo y a un aspirante presidencial de la oposici\u00f3n.<\/p>\n\n\n\n<p id=\"m98-97-99\">\u00abEste es el principal partido de la oposici\u00f3n\u00bb, exclam\u00f3 Bland\u00f3n al iniciar su discurso pol\u00edtico ante un nutrido grupo de simpatizantes que se congreg\u00f3 en la sede de la Fundaci\u00f3n Arias Madrid, en, Anc\u00f3n, donde est\u00e1 instalada la Comisi\u00f3n de Elecciones Primarias del partido. .<\/p>\n\n\n\n<p id=\"m103-102-104\">Bland\u00f3n al referirse a las campa\u00f1as en las primarias iniciadas por candidatos de un partido de Gobierno y de un dirigente opositor se\u00f1alado por actos de corrupci\u00f3n indic\u00f3 que: \u00abYo no he escuchado todav\u00eda una propuesta sobre los problemas que tiene nuestro pa\u00eds y que agobian a los paname\u00f1os d\u00eda a d\u00eda. Yo no he escuchado de c\u00f3mo van a generar empleos, de c\u00f3mo van a enfrentar el problema de la Caja de Seguro Social, de c\u00f3mo van a combatir la corrupci\u00f3n\u00bb.<\/p>\n","protected":false},"excerpt":{"rendered":"<p>El presidente del opositor Partido Paname\u00f1ista, Jos\u00e9 Isabel Bland\u00f3n, se postul\u00f3 este domingo como pre candidato a la Presidencia de la Rep\u00fablica por esta agrupaci\u00f3n pol\u00edtica, tras lo cual fustigo al Gobierno, a candidatos del oficialismo y a un aspirante presidencial de la oposici\u00f3n. \u00abEste es el principal partido de la oposici\u00f3n\u00bb, exclam\u00f3 Bland\u00f3n al [&hellip;]<\/p>\n","protected":false},"author":3,"featured_media":892,"comment_status":"open","ping_status":"open","sticky":false,"template":"","format":"standard","meta":{"footnotes":""},"categories":[78],"tags":[82,54,55,83,81,80],"class_list":["post-891","post","type-post","status-publish","format-standard","has-post-thumbnail","hentry","category-politica","tag-jose-isabel-blandon","tag-masnoticiastv","tag-panama","tag-politica","tag-pre-candidato","tag-presidente"],"_links":{"self":[{"href":"https:\/\/masnoticiastv.com\/noticias\/wp-json\/wp\/v2\/posts\/891","targetHints":{"allow":["GET"]}}],"collection":[{"href":"https:\/\/masnoticiastv.com\/noticias\/wp-json\/wp\/v2\/posts"}],"about":[{"href":"https:\/\/masnoticiastv.com\/noticias\/wp-json\/wp\/v2\/types\/post"}],"author":[{"embeddable":true,"href":"https:\/\/masnoticiastv.com\/noticias\/wp-json\/wp\/v2\/users\/3"}],"replies":[{"embeddable":true,"href":"https:\/\/masnoticiastv.com\/noticias\/wp-json\/wp\/v2\/comments?post=891"}],"version-history":[{"count":1,"href":"https:\/\/masnoticiastv.com\/noticias\/wp-json\/wp\/v2\/posts\/891\/revisions"}],"predecessor-version":[{"id":893,"href":"https:\/\/masnoticiastv.com\/noticias\/wp-json\/wp\/v2\/posts\/891\/revisions\/893"}],"wp:featuredmedia":[{"embeddable":true,"href":"https:\/\/masnoticiastv.com\/noticias\/wp-json\/wp\/v2\/media\/892"}],"wp:attachment":[{"href":"https:\/\/masnoticiastv.com\/noticias\/wp-json\/wp\/v2\/media?parent=891"}],"wp:term":[{"taxonomy":"category","embeddable":true,"href":"https:\/\/masnoticiastv.com\/noticias\/wp-json\/wp\/v2\/categories?post=891"},{"taxonomy":"post_tag","embeddable":true,"href":"https:\/\/masnoticiastv.com\/noticias\/wp-json\/wp\/v2\/tags?post=891"}],"curies":[{"name":"wp","href":"https:\/\/api.w.org\/{rel}","templated":true}]}}