{"id":894,"date":"2023-04-24T22:32:26","date_gmt":"2023-04-25T03:32:26","guid":{"rendered":"https:\/\/masnoticiastv.com\/noticias\/?p=894"},"modified":"2023-04-24T22:32:26","modified_gmt":"2023-04-25T03:32:26","slug":"willie-bermudez-busca-la-alcaldia-multiplicando-el-contundente-exito-de-don-bosco-en-los-26-corregimientos-de-la-capital","status":"publish","type":"post","link":"https:\/\/masnoticiastv.com\/noticias\/willie-bermudez-busca-la-alcaldia-multiplicando-el-contundente-exito-de-don-bosco-en-los-26-corregimientos-de-la-capital\/","title":{"rendered":"Willie Berm\u00fadez busca la Alcald\u00eda multiplicando el contundente \u00e9xito de Don Bosco en los 26 corregimientos de la Capital"},"content":{"rendered":"\n<p>El representante de Don Bosco, Willie Berm\u00fadez, lanz\u00f3 hoy su campa\u00f1a a la Alcald\u00eda de Panam\u00e1 en medio de un gran evento con una propuesta que busca impactar los 26 corregimientos de forma integral.<\/p>\n\n\n\n<p>Se trata de una red de microproyectos que conectan los barrios con proyectos como mercados, instalaci\u00f3n de Wanda (un atrapa basura) en cuatro de los r\u00edos m\u00e1s importantes de la ciudad, tres hospitales para mascotas, espacio p\u00fablico para adultos mayores, parvularios para ni\u00f1os y una red de aceras segura.<\/p>\n\n\n\n<p>Todos estos proyectos, dijo Berm\u00fadez, se har\u00e1n realidad en 24 meses tras amplias consultas ciudadanas.<\/p>\n\n\n\n<p>Precisamente el objetivo de Willie Berm\u00fadez es replicar el \u00e9xito de Don Bosco, que se bas\u00f3 en levantar la autoestima de los residentes con eventos culturales, iniciativas ambientales, arte urbano, mejores espacios p\u00fablicos, huertos urbanos, y en la pandemia con iniciativas un call center a contagiados, barbero en el barrio y m\u00e9dico de casa en casa, entre tantos tantos logros durante 4 a\u00f1os de gesti\u00f3n.<\/p>\n\n\n\n<p>\u201cLa ciudad pasa por su peor \u00e9poca por la ausencia de proyectos con visi\u00f3n, la delincuencia se hace sentir cada vez m\u00e1s fuerte en las calles y la falta de empleo y oportunidades para los que m\u00e1s lo necesitan son hoy m\u00e1s evidentes. Les aseguro que de la mano con ustedes podemos cambiar esta ciudad. Tengo la experiencia y s\u00e9 que con trabajo y voluntad s\u00ed se puede lograr\u201d, destac\u00f3 el precandidato Berm\u00fadez.<\/p>\n\n\n\n<figure class=\"wp-block-gallery has-nested-images columns-default is-cropped wp-block-gallery-1 is-layout-flex wp-block-gallery-is-layout-flex\">\n<figure class=\"wp-block-image size-large\"><a href=\"https:\/\/masnoticiastv.com\/noticias\/wp-content\/uploads\/2023\/04\/IMG-20230424-WA0389.jpg\"><img fetchpriority=\"high\" decoding=\"async\" width=\"1024\" height=\"683\" data-id=\"895\" src=\"https:\/\/masnoticiastv.com\/noticias\/wp-content\/uploads\/2023\/04\/IMG-20230424-WA0389-1024x683.jpg\" alt=\"\" class=\"wp-image-895\" srcset=\"https:\/\/masnoticiastv.com\/noticias\/wp-content\/uploads\/2023\/04\/IMG-20230424-WA0389-1024x683.jpg 1024w, https:\/\/masnoticiastv.com\/noticias\/wp-content\/uploads\/2023\/04\/IMG-20230424-WA0389-300x200.jpg 300w, https:\/\/masnoticiastv.com\/noticias\/wp-content\/uploads\/2023\/04\/IMG-20230424-WA0389-768x512.jpg 768w, https:\/\/masnoticiastv.com\/noticias\/wp-content\/uploads\/2023\/04\/IMG-20230424-WA0389-600x400.jpg 600w, https:\/\/masnoticiastv.com\/noticias\/wp-content\/uploads\/2023\/04\/IMG-20230424-WA0389.jpg 1500w\" sizes=\"(max-width: 1024px) 100vw, 1024px\" \/><\/a><\/figure>\n\n\n\n<figure class=\"wp-block-image size-large\"><a href=\"https:\/\/masnoticiastv.com\/noticias\/wp-content\/uploads\/2023\/04\/IMG-20230424-WA0390.jpg\"><img decoding=\"async\" width=\"1024\" height=\"683\" data-id=\"896\" src=\"https:\/\/masnoticiastv.com\/noticias\/wp-content\/uploads\/2023\/04\/IMG-20230424-WA0390-1024x683.jpg\" alt=\"\" class=\"wp-image-896\" srcset=\"https:\/\/masnoticiastv.com\/noticias\/wp-content\/uploads\/2023\/04\/IMG-20230424-WA0390-1024x683.jpg 1024w, https:\/\/masnoticiastv.com\/noticias\/wp-content\/uploads\/2023\/04\/IMG-20230424-WA0390-300x200.jpg 300w, https:\/\/masnoticiastv.com\/noticias\/wp-content\/uploads\/2023\/04\/IMG-20230424-WA0390-768x512.jpg 768w, https:\/\/masnoticiastv.com\/noticias\/wp-content\/uploads\/2023\/04\/IMG-20230424-WA0390-600x400.jpg 600w, https:\/\/masnoticiastv.com\/noticias\/wp-content\/uploads\/2023\/04\/IMG-20230424-WA0390.jpg 1500w\" sizes=\"(max-width: 1024px) 100vw, 1024px\" \/><\/a><\/figure>\n\n\n\n<figure class=\"wp-block-image size-large\"><a href=\"https:\/\/masnoticiastv.com\/noticias\/wp-content\/uploads\/2023\/04\/IMG-20230424-WA0383.jpg\"><img decoding=\"async\" width=\"1024\" height=\"683\" data-id=\"898\" src=\"https:\/\/masnoticiastv.com\/noticias\/wp-content\/uploads\/2023\/04\/IMG-20230424-WA0383-1024x683.jpg\" alt=\"\" class=\"wp-image-898\" srcset=\"https:\/\/masnoticiastv.com\/noticias\/wp-content\/uploads\/2023\/04\/IMG-20230424-WA0383-1024x683.jpg 1024w, https:\/\/masnoticiastv.com\/noticias\/wp-content\/uploads\/2023\/04\/IMG-20230424-WA0383-300x200.jpg 300w, https:\/\/masnoticiastv.com\/noticias\/wp-content\/uploads\/2023\/04\/IMG-20230424-WA0383-768x512.jpg 768w, https:\/\/masnoticiastv.com\/noticias\/wp-content\/uploads\/2023\/04\/IMG-20230424-WA0383-600x400.jpg 600w, https:\/\/masnoticiastv.com\/noticias\/wp-content\/uploads\/2023\/04\/IMG-20230424-WA0383.jpg 1500w\" sizes=\"(max-width: 1024px) 100vw, 1024px\" \/><\/a><\/figure>\n\n\n\n<figure class=\"wp-block-image size-large\"><a href=\"https:\/\/masnoticiastv.com\/noticias\/wp-content\/uploads\/2023\/04\/IMG-20230424-WA0386.jpg\"><img loading=\"lazy\" decoding=\"async\" width=\"1024\" height=\"683\" data-id=\"897\" src=\"https:\/\/masnoticiastv.com\/noticias\/wp-content\/uploads\/2023\/04\/IMG-20230424-WA0386-1024x683.jpg\" alt=\"\" class=\"wp-image-897\" srcset=\"https:\/\/masnoticiastv.com\/noticias\/wp-content\/uploads\/2023\/04\/IMG-20230424-WA0386-1024x683.jpg 1024w, https:\/\/masnoticiastv.com\/noticias\/wp-content\/uploads\/2023\/04\/IMG-20230424-WA0386-300x200.jpg 300w, https:\/\/masnoticiastv.com\/noticias\/wp-content\/uploads\/2023\/04\/IMG-20230424-WA0386-768x512.jpg 768w, https:\/\/masnoticiastv.com\/noticias\/wp-content\/uploads\/2023\/04\/IMG-20230424-WA0386-600x400.jpg 600w, https:\/\/masnoticiastv.com\/noticias\/wp-content\/uploads\/2023\/04\/IMG-20230424-WA0386.jpg 1500w\" sizes=\"(max-width: 1024px) 100vw, 1024px\" \/><\/a><\/figure>\n<\/figure>\n\n\n\n<p>Sobre la forma de atender estos problema sostuvo que \u201ca m\u00ed nadie me tiene que contar c\u00f3mo est\u00e1 realmente la Ciudad de Panam\u00e1, la conozco de primera mano. Por eso he tomado la decisi\u00f3n de transformarla desde adentro y devolverle la dignidad con un proyecto visionario, igualitario y con nuevas ideas pensado por y en cada uno de los capitalinos, sin olvidar a nadie, venga de donde venga. No m\u00e1s ciudadanos de segunda.<\/p>\n\n\n\n<p>Berm\u00fadez que buscar hacer pol\u00edtica de forma diferente destac\u00f3 que \u201crepresento a una Nueva Generaci\u00f3n de personas que nos dedicamos al servicio ciudadano y que creemos firmemente que una nueva ciudad es posible. Vamos adelante con un equipo de personas con buenos valores y principios a trabajar por los problemas reales de los m\u00e1s necesitados por siempre olvidados\u201d.<\/p>\n\n\n\n<p>Y es que su objetivo es hacer una campa\u00f1a que se separe de lo mismo de siempre, siguiendo las reglas de la democracia y sin utilizar campa\u00f1a sucia. \u201cNo creo en las malas formas que otros tienen, comprando votos con la plata de los impuestos que pagamos todos\u201d, sentenci\u00f3 sobre el tema.<\/p>\n\n\n\n<p>Berm\u00fadez explic\u00f3 que \u201cSiempre he tenido presente que mejorando cada corregimiento se construye un mejor distrito, y transformando cada distrito hacemos un mejor Panam\u00e1\u201d.<\/p>\n\n\n\n<p>El representante de Don Bosco, indic\u00f3 tener una visi\u00f3n diferente a la de \u201clos pol\u00edticos de siempre\u201d. Tambi\u00e9n habl\u00f3 de corrupci\u00f3n y envi\u00f3 un mensaje contundente: \u201csi nadie transa, la plata alcanza\u201d.<\/p>\n","protected":false},"excerpt":{"rendered":"<p>El representante de Don Bosco, Willie Berm\u00fadez, lanz\u00f3 hoy su campa\u00f1a a la Alcald\u00eda de Panam\u00e1 en medio de un gran evento con una propuesta que busca impactar los 26 corregimientos de forma integral. Se trata de una red de microproyectos que conectan los barrios con proyectos como mercados, instalaci\u00f3n de Wanda (un atrapa basura) [&hellip;]<\/p>\n","protected":false},"author":3,"featured_media":899,"comment_status":"open","ping_status":"open","sticky":false,"template":"","format":"standard","meta":{"footnotes":""},"categories":[78],"tags":[54,55,83,84],"class_list":["post-894","post","type-post","status-publish","format-standard","has-post-thumbnail","hentry","category-politica","tag-masnoticiastv","tag-panama","tag-politica","tag-willie-bermudez-busca-la-alcaldia-multiplicando-el-contundente-exito-de-don-bosco-en-los-26-corregimientos-de-la-capital"],"_links":{"self":[{"href":"https:\/\/masnoticiastv.com\/noticias\/wp-json\/wp\/v2\/posts\/894","targetHints":{"allow":["GET"]}}],"collection":[{"href":"https:\/\/masnoticiastv.com\/noticias\/wp-json\/wp\/v2\/posts"}],"about":[{"href":"https:\/\/masnoticiastv.com\/noticias\/wp-json\/wp\/v2\/types\/post"}],"author":[{"embeddable":true,"href":"https:\/\/masnoticiastv.com\/noticias\/wp-json\/wp\/v2\/users\/3"}],"replies":[{"embeddable":true,"href":"https:\/\/masnoticiastv.com\/noticias\/wp-json\/wp\/v2\/comments?post=894"}],"version-history":[{"count":1,"href":"https:\/\/masnoticiastv.com\/noticias\/wp-json\/wp\/v2\/posts\/894\/revisions"}],"predecessor-version":[{"id":900,"href":"https:\/\/masnoticiastv.com\/noticias\/wp-json\/wp\/v2\/posts\/894\/revisions\/900"}],"wp:featuredmedia":[{"embeddable":true,"href":"https:\/\/masnoticiastv.com\/noticias\/wp-json\/wp\/v2\/media\/899"}],"wp:attachment":[{"href":"https:\/\/masnoticiastv.com\/noticias\/wp-json\/wp\/v2\/media?parent=894"}],"wp:term":[{"taxonomy":"category","embeddable":true,"href":"https:\/\/masnoticiastv.com\/noticias\/wp-json\/wp\/v2\/categories?post=894"},{"taxonomy":"post_tag","embeddable":true,"href":"https:\/\/masnoticiastv.com\/noticias\/wp-json\/wp\/v2\/tags?post=894"}],"curies":[{"name":"wp","href":"https:\/\/api.w.org\/{rel}","templated":true}]}}